{"id":857,"date":"2014-02-26T21:35:41","date_gmt":"2014-02-26T20:35:41","guid":{"rendered":"http:\/\/www.epilepsija.hr\/?p=857"},"modified":"2015-03-20T14:37:50","modified_gmt":"2015-03-20T13:37:50","slug":"clanak-djeca-s-epilepsijom","status":"publish","type":"post","link":"https:\/\/www.epilepsija.hr\/?p=857","title":{"rendered":"\u010clanak &#8220;Djeca s epilepsijom&#8221;"},"content":{"rendered":"<p>Na na\u0161im stranicama mo\u017eete pro\u010ditati \u010dlanak objavljen u \u010dasopisu Lisa dana 10.02.2014. pod nazivom &#8220;Djeca s epilepsijom&#8221; (za \u010dlanak u pdf formatu kliknite na sliku).<\/p>\n<p><a href=\"http:\/\/www.epilepsija.hr\/wp-content\/uploads\/epilepsija.pdf\" target=\"_blank\"><img loading=\"lazy\" decoding=\"async\" class=\"alignleft  wp-image-863\" alt=\"djecasepilepsijom\" src=\"http:\/\/www.epilepsija.hr\/wp-content\/uploads\/djecasepilepsijom-1024x464.png\" width=\"800\" height=\"362\" srcset=\"https:\/\/www.epilepsija.hr\/wp-content\/uploads\/djecasepilepsijom-1024x464.png 1024w, https:\/\/www.epilepsija.hr\/wp-content\/uploads\/djecasepilepsijom-300x136.png 300w, https:\/\/www.epilepsija.hr\/wp-content\/uploads\/djecasepilepsijom.png 1076w\" sizes=\"(max-width: 800px) 100vw, 800px\" \/><\/a><\/p>\n<p><a href=\"http:\/\/www.epilepsija.hr\/wp-content\/uploads\/epilepsija.pdf\"><img loading=\"lazy\" decoding=\"async\" class=\"alignleft size-thumbnail wp-image-858\" alt=\"djecasepilepsijom\" src=\"http:\/\/www.epilepsija.hr\/wp-content\/uploads\/djecasepilepsijom.bmp\" width=\"1\" height=\"1\" \/><\/a><\/p>\n<p><a href=\"http:\/\/www.epilepsija.hr\/wp-content\/uploads\/djecasepilepsijom.bmp\"><img loading=\"lazy\" decoding=\"async\" class=\"alignleft size-thumbnail wp-image-858\" alt=\"djecasepilepsijom\" src=\"http:\/\/www.epilepsija.hr\/wp-content\/uploads\/djecasepilepsijom.bmp\" width=\"1\" height=\"1\" \/><\/a><\/p>\n","protected":false},"excerpt":{"rendered":"<p>Na na\u0161im stranicama mo\u017eete pro\u010ditati \u010dlanak objavljen u \u010dasopisu Lisa dana 10.02.2014. pod nazivom &#8220;Djeca s epilepsijom&#8221; (za \u010dlanak u pdf formatu kliknite na sliku).<\/p>\n","protected":false},"author":1,"featured_media":0,"comment_status":"closed","ping_status":"closed","sticky":false,"template":"","format":"standard","meta":{"footnotes":""},"categories":[1],"tags":[],"_links":{"self":[{"href":"https:\/\/www.epilepsija.hr\/index.php?rest_route=\/wp\/v2\/posts\/857"}],"collection":[{"href":"https:\/\/www.epilepsija.hr\/index.php?rest_route=\/wp\/v2\/posts"}],"about":[{"href":"https:\/\/www.epilepsija.hr\/index.php?rest_route=\/wp\/v2\/types\/post"}],"author":[{"embeddable":true,"href":"https:\/\/www.epilepsija.hr\/index.php?rest_route=\/wp\/v2\/users\/1"}],"replies":[{"embeddable":true,"href":"https:\/\/www.epilepsija.hr\/index.php?rest_route=%2Fwp%2Fv2%2Fcomments&post=857"}],"version-history":[{"count":5,"href":"https:\/\/www.epilepsija.hr\/index.php?rest_route=\/wp\/v2\/posts\/857\/revisions"}],"predecessor-version":[{"id":865,"href":"https:\/\/www.epilepsija.hr\/index.php?rest_route=\/wp\/v2\/posts\/857\/revisions\/865"}],"wp:attachment":[{"href":"https:\/\/www.epilepsija.hr\/index.php?rest_route=%2Fwp%2Fv2%2Fmedia&parent=857"}],"wp:term":[{"taxonomy":"category","embeddable":true,"href":"https:\/\/www.epilepsija.hr\/index.php?rest_route=%2Fwp%2Fv2%2Fcategories&post=857"},{"taxonomy":"post_tag","embeddable":true,"href":"https:\/\/www.epilepsija.hr\/index.php?rest_route=%2Fwp%2Fv2%2Ftags&post=857"}],"curies":[{"name":"wp","href":"https:\/\/api.w.org\/{rel}","templated":true}]}}