{"id":841,"date":"2014-02-20T21:06:17","date_gmt":"2014-02-20T20:06:17","guid":{"rendered":"http:\/\/www.epilepsija.hr\/?p=841"},"modified":"2015-03-20T14:37:50","modified_gmt":"2015-03-20T13:37:50","slug":"nacionalni-dan-epilepsije-obiljezen-i-u-centruj-kaptol-u-zagrebu","status":"publish","type":"post","link":"https:\/\/www.epilepsija.hr\/?p=841","title":{"rendered":"NACIONALNI DAN EPILEPSIJE OBILJE\u017dEN I U CENTRU KAPTOL U ZAGREBU"},"content":{"rendered":"<p>Nacionalni dan epilepsije obilje\u017een je i u Centru Kaptol u Zagrebu. Uz poznate sporta\u0161e i javne djelatnike okupljenima su se pridru\u017eili \u00a0i gradona\u010delnik Grada Zagreba gosp. Milan Bandi\u0107 i predstavnici Gradskog ureda za zdravstvo Grada Zagreba<\/p>\n<p>&nbsp;<\/p>\n<div id='gallery-1' class='gallery galleryid-841 gallery-columns-3 gallery-size-thumbnail'><figure class='gallery-item'>\n\t\t\t<div class='gallery-icon landscape'>\n\t\t\t\t<a href='https:\/\/www.epilepsija.hr\/?attachment_id=842'><img loading=\"lazy\" decoding=\"async\" width=\"150\" height=\"150\" src=\"https:\/\/www.epilepsija.hr\/wp-content\/uploads\/15.-2.-2014._h-150x150.jpg\" class=\"attachment-thumbnail size-thumbnail\" alt=\"\" \/><\/a>\n\t\t\t<\/div><\/figure><figure class='gallery-item'>\n\t\t\t<div class='gallery-icon landscape'>\n\t\t\t\t<a href='https:\/\/www.epilepsija.hr\/?attachment_id=843'><img loading=\"lazy\" decoding=\"async\" width=\"150\" height=\"150\" src=\"https:\/\/www.epilepsija.hr\/wp-content\/uploads\/15.-2.-2014._a-1-150x150.jpg\" class=\"attachment-thumbnail size-thumbnail\" alt=\"\" \/><\/a>\n\t\t\t<\/div><\/figure><figure class='gallery-item'>\n\t\t\t<div class='gallery-icon landscape'>\n\t\t\t\t<a href='https:\/\/www.epilepsija.hr\/?attachment_id=844'><img loading=\"lazy\" decoding=\"async\" width=\"150\" height=\"150\" src=\"https:\/\/www.epilepsija.hr\/wp-content\/uploads\/15.-2.-2014._b-150x150.jpg\" class=\"attachment-thumbnail size-thumbnail\" alt=\"\" \/><\/a>\n\t\t\t<\/div><\/figure><figure class='gallery-item'>\n\t\t\t<div class='gallery-icon landscape'>\n\t\t\t\t<a href='https:\/\/www.epilepsija.hr\/?attachment_id=845'><img loading=\"lazy\" decoding=\"async\" width=\"150\" height=\"150\" src=\"https:\/\/www.epilepsija.hr\/wp-content\/uploads\/15.-2.-2014._c-150x150.jpg\" class=\"attachment-thumbnail size-thumbnail\" alt=\"\" \/><\/a>\n\t\t\t<\/div><\/figure><figure class='gallery-item'>\n\t\t\t<div class='gallery-icon landscape'>\n\t\t\t\t<a href='https:\/\/www.epilepsija.hr\/?attachment_id=846'><img loading=\"lazy\" decoding=\"async\" width=\"150\" height=\"150\" src=\"https:\/\/www.epilepsija.hr\/wp-content\/uploads\/15.-2.-2014._d-150x150.jpg\" class=\"attachment-thumbnail size-thumbnail\" alt=\"\" \/><\/a>\n\t\t\t<\/div><\/figure><figure class='gallery-item'>\n\t\t\t<div class='gallery-icon landscape'>\n\t\t\t\t<a href='https:\/\/www.epilepsija.hr\/?attachment_id=847'><img loading=\"lazy\" decoding=\"async\" width=\"150\" height=\"150\" src=\"https:\/\/www.epilepsija.hr\/wp-content\/uploads\/15.-2.-2014._g-150x150.jpg\" class=\"attachment-thumbnail size-thumbnail\" alt=\"\" \/><\/a>\n\t\t\t<\/div><\/figure>\n\t\t<\/div>\n\n","protected":false},"excerpt":{"rendered":"<p>Nacionalni dan epilepsije obilje\u017een je i u Centru Kaptol u Zagrebu. Uz poznate sporta\u0161e i javne djelatnike okupljenima su se pridru\u017eili \u00a0i gradona\u010delnik Grada Zagreba gosp. Milan Bandi\u0107 i predstavnici Gradskog ureda za zdravstvo Grada Zagreba &nbsp;<\/p>\n","protected":false},"author":1,"featured_media":845,"comment_status":"closed","ping_status":"closed","sticky":false,"template":"","format":"standard","meta":{"footnotes":""},"categories":[1],"tags":[],"_links":{"self":[{"href":"https:\/\/www.epilepsija.hr\/index.php?rest_route=\/wp\/v2\/posts\/841"}],"collection":[{"href":"https:\/\/www.epilepsija.hr\/index.php?rest_route=\/wp\/v2\/posts"}],"about":[{"href":"https:\/\/www.epilepsija.hr\/index.php?rest_route=\/wp\/v2\/types\/post"}],"author":[{"embeddable":true,"href":"https:\/\/www.epilepsija.hr\/index.php?rest_route=\/wp\/v2\/users\/1"}],"replies":[{"embeddable":true,"href":"https:\/\/www.epilepsija.hr\/index.php?rest_route=%2Fwp%2Fv2%2Fcomments&post=841"}],"version-history":[{"count":7,"href":"https:\/\/www.epilepsija.hr\/index.php?rest_route=\/wp\/v2\/posts\/841\/revisions"}],"predecessor-version":[{"id":854,"href":"https:\/\/www.epilepsija.hr\/index.php?rest_route=\/wp\/v2\/posts\/841\/revisions\/854"}],"wp:featuredmedia":[{"embeddable":true,"href":"https:\/\/www.epilepsija.hr\/index.php?rest_route=\/wp\/v2\/media\/845"}],"wp:attachment":[{"href":"https:\/\/www.epilepsija.hr\/index.php?rest_route=%2Fwp%2Fv2%2Fmedia&parent=841"}],"wp:term":[{"taxonomy":"category","embeddable":true,"href":"https:\/\/www.epilepsija.hr\/index.php?rest_route=%2Fwp%2Fv2%2Fcategories&post=841"},{"taxonomy":"post_tag","embeddable":true,"href":"https:\/\/www.epilepsija.hr\/index.php?rest_route=%2Fwp%2Fv2%2Ftags&post=841"}],"curies":[{"name":"wp","href":"https:\/\/api.w.org\/{rel}","templated":true}]}}