{"id":794,"date":"2014-02-10T20:10:15","date_gmt":"2014-02-10T19:10:15","guid":{"rendered":"http:\/\/www.epilepsija.hr\/?p=794"},"modified":"2015-03-20T14:37:50","modified_gmt":"2015-03-20T13:37:50","slug":"obiljezen-europski-dan-epilepsije-2014","status":"publish","type":"post","link":"https:\/\/www.epilepsija.hr\/?p=794","title":{"rendered":"OBILJE\u017dEN EUROPSKI DAN EPILEPSIJE 2014.!"},"content":{"rendered":"<p>S rado\u0161\u0107u i zadovoljstvom vas izvje\u0161\u0107ujemo kako je tribina kojom se obilje\u017eio Europski dan epilepsije bila vrlo uspje\u0161na i posje\u0107ena u velikom broju. Tribina je zapo\u010dela danas u 15 sati, a pozdravnu rije\u010d je uputio prof.dr.sc. Ivan Bielen, Predsjednik Hrvatske udruge za epilepsiju koji je ukratko obrazlo\u017eio zna\u010denje Europskog dana epilepsije. Tribini se priklju\u010dio i dr. Slavko Antoli\u0107 iz Gradskog ureda za zdravstvo koji je iznio zadovoljstvo dosada\u0161njim radom Udruge te najavio budu\u0107u suradnju i potporu. Nakon toga su uslijedila dva predavanja. Doc.dr.sc. Hrvoje He\u0107imovi\u0107 je iznio saznanja o novim mogu\u0107ostima lije\u010denja epilepsija, a prof. psihologije Marina Grubi\u0107 je odr\u017eala izlaganje o \u017eivotu obitelji djeteta s epilepsijom. \u00a0Nazo\u010dni su pomno slu\u0161ali zanimljiva i \u017eivotna predavanja te vjerujemo kako je svatko od nas ponio ku\u0107i neko novo saznanje i razmijenjeno iskustvo. Kako je to izgledalo u\u017eivo, mo\u017eete pogledati u na\u0161oj fotogaleriji:<b><\/b><\/p>\n<p>[nggallery id=30]<\/p>\n","protected":false},"excerpt":{"rendered":"<p>S rado\u0161\u0107u i zadovoljstvom vas izvje\u0161\u0107ujemo kako je tribina kojom se obilje\u017eio Europski dan epilepsije bila vrlo uspje\u0161na i posje\u0107ena u velikom broju. Tribina je zapo\u010dela danas u 15 sati, a pozdravnu rije\u010d je uputio prof.dr.sc. Ivan Bielen, Predsjednik Hrvatske udruge za epilepsiju koji je ukratko obrazlo\u017eio zna\u010denje Europskog dana epilepsije. Tribini se priklju\u010dio i &hellip; <a href=\"https:\/\/www.epilepsija.hr\/?p=794\" class=\"more-link\">Nastavi \u010ditati <span class=\"screen-reader-text\">OBILJE\u017dEN EUROPSKI DAN EPILEPSIJE 2014.!<\/span> <span class=\"meta-nav\">&rarr;<\/span><\/a><\/p>\n","protected":false},"author":1,"featured_media":824,"comment_status":"closed","ping_status":"closed","sticky":false,"template":"","format":"standard","meta":{"footnotes":""},"categories":[1],"tags":[],"_links":{"self":[{"href":"https:\/\/www.epilepsija.hr\/index.php?rest_route=\/wp\/v2\/posts\/794"}],"collection":[{"href":"https:\/\/www.epilepsija.hr\/index.php?rest_route=\/wp\/v2\/posts"}],"about":[{"href":"https:\/\/www.epilepsija.hr\/index.php?rest_route=\/wp\/v2\/types\/post"}],"author":[{"embeddable":true,"href":"https:\/\/www.epilepsija.hr\/index.php?rest_route=\/wp\/v2\/users\/1"}],"replies":[{"embeddable":true,"href":"https:\/\/www.epilepsija.hr\/index.php?rest_route=%2Fwp%2Fv2%2Fcomments&post=794"}],"version-history":[{"count":4,"href":"https:\/\/www.epilepsija.hr\/index.php?rest_route=\/wp\/v2\/posts\/794\/revisions"}],"predecessor-version":[{"id":827,"href":"https:\/\/www.epilepsija.hr\/index.php?rest_route=\/wp\/v2\/posts\/794\/revisions\/827"}],"wp:featuredmedia":[{"embeddable":true,"href":"https:\/\/www.epilepsija.hr\/index.php?rest_route=\/wp\/v2\/media\/824"}],"wp:attachment":[{"href":"https:\/\/www.epilepsija.hr\/index.php?rest_route=%2Fwp%2Fv2%2Fmedia&parent=794"}],"wp:term":[{"taxonomy":"category","embeddable":true,"href":"https:\/\/www.epilepsija.hr\/index.php?rest_route=%2Fwp%2Fv2%2Fcategories&post=794"},{"taxonomy":"post_tag","embeddable":true,"href":"https:\/\/www.epilepsija.hr\/index.php?rest_route=%2Fwp%2Fv2%2Ftags&post=794"}],"curies":[{"name":"wp","href":"https:\/\/api.w.org\/{rel}","templated":true}]}}