{"id":697,"date":"2013-12-16T17:50:36","date_gmt":"2013-12-16T16:50:36","guid":{"rendered":"http:\/\/www.epilepsija.hr\/?p=697"},"modified":"2013-12-16T17:50:36","modified_gmt":"2013-12-16T16:50:36","slug":"hrvatska-udruga-za-epilepsiju-djeluje-u-novom-prostoru","status":"publish","type":"post","link":"https:\/\/www.epilepsija.hr\/?p=697","title":{"rendered":"Hrvatska udruga za epilepsiju djeluje u novom prostoru!"},"content":{"rendered":"<p>S ponosom i zadovoljstvom vas obavje\u0161tavamo kako je Vije\u0107e Gradske \u010detvrti Gornji grad -Medve\u0161\u010dak ustupilo Hrvatskoj udruzi za epilepsiju prostor za kori\u0161tenje u objektu Mjesne samouprave &#8220;August Cesarec&#8221;, Tkal\u010di\u0107eva 33. U prostoru \u0107e se odvijati \u00a0djelatnosti Udruge \u010detvrtkom u terminu 16-18h.<\/p>\n<p>Obavijesti o skorim aktivnostima i manifestacijama mo\u017eete pratiti na web ili Facebook stranicama HUE!<div id='gallery-1' class='gallery galleryid-697 gallery-columns-3 gallery-size-thumbnail'><figure class='gallery-item'>\n\t\t\t<div class='gallery-icon landscape'>\n\t\t\t\t<a href='https:\/\/www.epilepsija.hr\/?attachment_id=698'><img loading=\"lazy\" decoding=\"async\" width=\"150\" height=\"150\" src=\"https:\/\/www.epilepsija.hr\/wp-content\/uploads\/IMAG0031-1-150x150.jpg\" class=\"attachment-thumbnail size-thumbnail\" alt=\"\" \/><\/a>\n\t\t\t<\/div><\/figure><figure class='gallery-item'>\n\t\t\t<div class='gallery-icon landscape'>\n\t\t\t\t<a href='https:\/\/www.epilepsija.hr\/?attachment_id=699'><img loading=\"lazy\" decoding=\"async\" width=\"150\" height=\"150\" src=\"https:\/\/www.epilepsija.hr\/wp-content\/uploads\/IMAG0033-150x150.jpg\" class=\"attachment-thumbnail size-thumbnail\" alt=\"\" \/><\/a>\n\t\t\t<\/div><\/figure>\n\t\t<\/div>\n<\/p>\n<div><\/div>\n","protected":false},"excerpt":{"rendered":"<p>S ponosom i zadovoljstvom vas obavje\u0161tavamo kako je Vije\u0107e Gradske \u010detvrti Gornji grad -Medve\u0161\u010dak ustupilo Hrvatskoj udruzi za epilepsiju prostor za kori\u0161tenje u objektu Mjesne samouprave &#8220;August Cesarec&#8221;, Tkal\u010di\u0107eva 33. U prostoru \u0107e se odvijati \u00a0djelatnosti Udruge \u010detvrtkom u terminu 16-18h. Obavijesti o skorim aktivnostima i manifestacijama mo\u017eete pratiti na web ili Facebook stranicama HUE!<\/p>\n","protected":false},"author":1,"featured_media":699,"comment_status":"closed","ping_status":"closed","sticky":false,"template":"","format":"standard","meta":{"footnotes":""},"categories":[1],"tags":[],"_links":{"self":[{"href":"https:\/\/www.epilepsija.hr\/index.php?rest_route=\/wp\/v2\/posts\/697"}],"collection":[{"href":"https:\/\/www.epilepsija.hr\/index.php?rest_route=\/wp\/v2\/posts"}],"about":[{"href":"https:\/\/www.epilepsija.hr\/index.php?rest_route=\/wp\/v2\/types\/post"}],"author":[{"embeddable":true,"href":"https:\/\/www.epilepsija.hr\/index.php?rest_route=\/wp\/v2\/users\/1"}],"replies":[{"embeddable":true,"href":"https:\/\/www.epilepsija.hr\/index.php?rest_route=%2Fwp%2Fv2%2Fcomments&post=697"}],"version-history":[{"count":1,"href":"https:\/\/www.epilepsija.hr\/index.php?rest_route=\/wp\/v2\/posts\/697\/revisions"}],"predecessor-version":[{"id":700,"href":"https:\/\/www.epilepsija.hr\/index.php?rest_route=\/wp\/v2\/posts\/697\/revisions\/700"}],"wp:featuredmedia":[{"embeddable":true,"href":"https:\/\/www.epilepsija.hr\/index.php?rest_route=\/wp\/v2\/media\/699"}],"wp:attachment":[{"href":"https:\/\/www.epilepsija.hr\/index.php?rest_route=%2Fwp%2Fv2%2Fmedia&parent=697"}],"wp:term":[{"taxonomy":"category","embeddable":true,"href":"https:\/\/www.epilepsija.hr\/index.php?rest_route=%2Fwp%2Fv2%2Fcategories&post=697"},{"taxonomy":"post_tag","embeddable":true,"href":"https:\/\/www.epilepsija.hr\/index.php?rest_route=%2Fwp%2Fv2%2Ftags&post=697"}],"curies":[{"name":"wp","href":"https:\/\/api.w.org\/{rel}","templated":true}]}}