{"id":642,"date":"2013-08-04T18:48:38","date_gmt":"2013-08-04T17:48:38","guid":{"rendered":"http:\/\/www.epilepsija.hr\/?p=642"},"modified":"2013-08-04T18:48:38","modified_gmt":"2013-08-04T17:48:38","slug":"13-europska-konferencija-o-epilepsiji-i-drustvu-13th-european-conference-on-epilepsy-and-society","status":"publish","type":"post","link":"https:\/\/www.epilepsija.hr\/?p=642","title":{"rendered":"13. EUROPSKA KONFERENCIJA O EPILEPSIJI I DRU\u0160TVU (13th European Conference on Epilepsy and Society)"},"content":{"rendered":"<p><a href=\"http:\/\/www.epilepsija.hr\/wp-content\/uploads\/2012\/11\/153-Ljubljana-Congress-Logo-WEB.jpg\"><img loading=\"lazy\" decoding=\"async\" class=\"alignleft size-medium wp-image-510\" alt=\"153 Ljubljana Congress Logo WEB\" src=\"http:\/\/www.epilepsija.hr\/wp-content\/uploads\/2012\/11\/153-Ljubljana-Congress-Logo-WEB-300x90.jpg\" width=\"300\" height=\"90\" srcset=\"https:\/\/www.epilepsija.hr\/wp-content\/uploads\/2012\/11\/153-Ljubljana-Congress-Logo-WEB-300x90.jpg 300w, https:\/\/www.epilepsija.hr\/wp-content\/uploads\/2012\/11\/153-Ljubljana-Congress-Logo-WEB-1024x309.jpg 1024w, https:\/\/www.epilepsija.hr\/wp-content\/uploads\/2012\/11\/153-Ljubljana-Congress-Logo-WEB.jpg 1196w\" sizes=\"(max-width: 300px) 100vw, 300px\" \/><\/a>Od 28. do 30. kolovoza \u00a02013. godine u Ljubljani (SLO) se odr\u017eava\u00a0 13. Europska konferencija o epilepsiji i dru\u0161tvu (ECES). To je jedina regionalna konferencija Internacionalnog biroa za epilepsiju (IBE) koja je osmi\u0161ljena za poticanje dobrobiti osoba s epilepsijom, a u koju su uklju\u010dene slu\u017ebene podru\u017enice pojedinih zemalja kao i druge organizacije ili udruge. Cilj je Konferencije \u00a0informiranje osoba s epilepsijom i njihovih obitelji, kao i onih koji rade u podru\u010dju epilepsije o najnovijim dostignu\u0107ima u lije\u010denju epilepsije, pridru\u017eenim kognitivnim disfunkcijama \u00a0povezanima \u00a0s epilepsijom i proizlaze\u0107im psihosocijalnim posljedicama te pru\u017eanje rje\u0161enja. Na Konferenciji \u0107e tako\u0111er biti prisutni predstavnici Hrvatske Udruge za Epilepsiju (slu\u017ebena podru\u017enica IBE) kako bi unaprijedili svoja znanja i razmijenili iskustva te ih primijenili u svrhu boljeg i efikasnijeg rada Udruge sa svojim \u010dlanovima.<\/p>\n","protected":false},"excerpt":{"rendered":"<p>Od 28. do 30. kolovoza \u00a02013. godine u Ljubljani (SLO) se odr\u017eava\u00a0 13. Europska konferencija o epilepsiji i dru\u0161tvu (ECES). To je jedina regionalna konferencija Internacionalnog biroa za epilepsiju (IBE) koja je osmi\u0161ljena za poticanje dobrobiti osoba s epilepsijom, a u koju su uklju\u010dene slu\u017ebene podru\u017enice pojedinih zemalja kao i druge organizacije ili udruge. Cilj &hellip; <a href=\"https:\/\/www.epilepsija.hr\/?p=642\" class=\"more-link\">Nastavi \u010ditati <span class=\"screen-reader-text\">13. EUROPSKA KONFERENCIJA O EPILEPSIJI I DRU\u0160TVU (13th European Conference on Epilepsy and Society)<\/span> <span class=\"meta-nav\">&rarr;<\/span><\/a><\/p>\n","protected":false},"author":1,"featured_media":0,"comment_status":"closed","ping_status":"closed","sticky":false,"template":"","format":"standard","meta":{"footnotes":""},"categories":[1],"tags":[],"_links":{"self":[{"href":"https:\/\/www.epilepsija.hr\/index.php?rest_route=\/wp\/v2\/posts\/642"}],"collection":[{"href":"https:\/\/www.epilepsija.hr\/index.php?rest_route=\/wp\/v2\/posts"}],"about":[{"href":"https:\/\/www.epilepsija.hr\/index.php?rest_route=\/wp\/v2\/types\/post"}],"author":[{"embeddable":true,"href":"https:\/\/www.epilepsija.hr\/index.php?rest_route=\/wp\/v2\/users\/1"}],"replies":[{"embeddable":true,"href":"https:\/\/www.epilepsija.hr\/index.php?rest_route=%2Fwp%2Fv2%2Fcomments&post=642"}],"version-history":[{"count":4,"href":"https:\/\/www.epilepsija.hr\/index.php?rest_route=\/wp\/v2\/posts\/642\/revisions"}],"predecessor-version":[{"id":646,"href":"https:\/\/www.epilepsija.hr\/index.php?rest_route=\/wp\/v2\/posts\/642\/revisions\/646"}],"wp:attachment":[{"href":"https:\/\/www.epilepsija.hr\/index.php?rest_route=%2Fwp%2Fv2%2Fmedia&parent=642"}],"wp:term":[{"taxonomy":"category","embeddable":true,"href":"https:\/\/www.epilepsija.hr\/index.php?rest_route=%2Fwp%2Fv2%2Fcategories&post=642"},{"taxonomy":"post_tag","embeddable":true,"href":"https:\/\/www.epilepsija.hr\/index.php?rest_route=%2Fwp%2Fv2%2Ftags&post=642"}],"curies":[{"name":"wp","href":"https:\/\/api.w.org\/{rel}","templated":true}]}}