{"id":607,"date":"2013-05-10T17:19:36","date_gmt":"2013-05-10T16:19:36","guid":{"rendered":"http:\/\/www.epilepsija.hr\/?p=607"},"modified":"2013-05-10T17:19:36","modified_gmt":"2013-05-10T16:19:36","slug":"uspjesno-obiljezavanje-ljubicastog-dana-2013-godine-u-hrvatskoj","status":"publish","type":"post","link":"https:\/\/www.epilepsija.hr\/?p=607","title":{"rendered":"USPJE\u0160NO OBILJE\u017dAVANJE LJUBI\u010cASTOG DANA 2013. GODINE u HRVATSKOJ!"},"content":{"rendered":"<p><a href=\"http:\/\/www.epilepsija.hr\/wp-content\/uploads\/2013\/05\/OSIP-9.jpg\"><img loading=\"lazy\" decoding=\"async\" class=\"alignleft size-medium wp-image-632\" alt=\"OSIP-9\" src=\"http:\/\/www.epilepsija.hr\/wp-content\/uploads\/2013\/05\/OSIP-9-300x225.jpg\" width=\"300\" height=\"225\" srcset=\"https:\/\/www.epilepsija.hr\/wp-content\/uploads\/2013\/05\/OSIP-9-300x225.jpg 300w, https:\/\/www.epilepsija.hr\/wp-content\/uploads\/2013\/05\/OSIP-9.jpg 700w\" sizes=\"(max-width: 300px) 100vw, 300px\" \/><\/a>Ove godine smo \u010detvrti put za redom obilje\u017eili \u201eLjubi\u010dasti dan\u201c koji se diljem svijeta obilje\u017eava 26. o\u017eujka kao Dan podr\u0161ke osobama s epilepsijom. Hrvatska se uklju\u010dila u obilje\u017eavanje ove manifestacije prvi puta 2010.godine, inicijativom Hrvatske udruge za epilepsiju i Referentnog centra za epilepsiju Ministarstva zdravlja Republike Hrvatske.<\/p>\n<p>Kao \u0161to je ve\u0107 poznato, obilje\u017eavanje ove manifestacije pokrenuto je 2008. godine, inicijativom tada 9-godi\u0161nje djevoj\u010dice Cassidy Megan, njenih roditelja i Udruge za epilepsiju iz Nove \u0160kotske u Kanadi. Tijekom pro\u0161lih pet godina Cassidyno lice se smije\u0161ilo sa tisu\u0107e plakata i slalo poruku \u201e \u017delim da ljudi znaju da nisi sam ako ima\u0161 epilepsiju!\u201c S obzirom na izniman odjek javnosti i uklju\u010divanje vi\u0161e od stotinu zemalja diljem svijeta u ovu manifestaciju, isti je slu\u017ebeno progla\u0161en najutjecajnijim me\u0111unarodnim danom u svrhu podizanja razine osvije\u0161tenosti o epilepsiji, a u Kanadi je i slu\u017ebeno zakonski priznat.<\/p>\n<p>U Hrvatskoj je, ove godine, ovaj dan iznimno uspje\u0161no obilje\u017een pod pokroviteljstvom Grada Zagreba i Gradskog ureda za zdravstvo i branitelje. U Gradskoj upravi grada Zagreba odr\u017eana je 25. o\u017eujka konferencija za novinare na kojoj je predstavljen Program obilje\u017eavanja \u201eLjubi\u010dastog dana\u201c pod sloganom \u201e\u0160irenjem znanja o epilepsiji, ru\u0161imo predrasude!\u201c. Postignuta je i iznimno dobra popra\u0107enost u javnosti i medijima \u010demu u prilog govori podatak da je vi\u0161e od 30 portala popratilo Ljubi\u010dasti dan uz prigodne televizijske i radio emisije. S obzirom da smo na na\u0161im Facebook stranicama redovito izvje\u0161tavali o na\u0161im aktivnostima, zadovoljstvo nam je primijetiti kako nas je u tome pratio i podupirao velik broj na\u0161ih \u010dlanova i op\u0107e populacije. Poster \u201eKako pomo\u0107i osobi koja ima epilepti\u010dki napadaj?\u201c je putem Facebook stranice vidjelo preko 14 000 ljudi!<\/p>\n<p>Doga\u0111anja su odr\u017eana u Referentnom centru za epilepsiju KBC Zagreb, Medicinskom fakultetu Sveu\u010dili\u0161ta u Zagrebu, Medicinskom fakultetu Sveu\u010dili\u0161ta u Osijeku, Centru za hitnu medicinsku pomo\u0107 KBC Zagreb, Klinici za neurologiju KB \u201eSveti Duh\u201c \u2013 sjedi\u0161te Hrvatske udruge za epilepsiju, Sredi\u0161njem hitnom prijamu KB \u201eSveti Duh\u201c, Knji\u017enici Tina Ujevi\u0107a, Odjelu za neurologiju Klinike za pedijatriju KBC \u201eSestre milosrdnice\u201c, Dje\u010djem vrti\u0107u \u201eMarku\u0161evec\u201c, O\u0160 Vladimira Nazora, O\u0160 Augusta \u0160enoe, O\u0160 J.J. Strossmayera, O\u0160 Pavao Belas, O\u0160 Ivana Perkovca, O\u0160 Ivana Ma\u017eurani\u0107a, O\u0160 Otok, IX, XII, XIII, XV gimnaziji i Primaljskoj \u0161koli u Zagrebu. Kako bi mogli dobiti boji i slikovitiji uvid u razli\u010dite odr\u017eane aktivnosti, preporu\u010damo vam da pogledate na\u0161u fotogaleriju.<\/p>\n<p>Nadamo se da smo na\u0161im akcijama uspjeli u svojem nastojanju da ispravno educiramo o epilepsiji i na taj na\u010din pripomogli ru\u0161enju predrasuda o osobama s epilepsijom. Pozivamo vas da nam se slijede\u0107e godine priklju\u010dite i podr\u017eite Ljubi\u010dasti dan i osobe s epilepsijom!<\/p>\n<p>&nbsp;<\/p>\n<p>&nbsp;<\/p>\n<p>IX GIMNAZIJA<\/p>\n<p>[nggallery id=11]<\/p>\n<p>&nbsp;<\/p>\n<p>&nbsp;<\/p>\n<p>NEUROPEDIJATRIJA KBC &#8220;SESTRE MILOSRDNICE&#8221;<\/p>\n<p>[nggallery id=12]<\/p>\n<p>&nbsp;<\/p>\n<p>&nbsp;<\/p>\n<p>KBC OSIJEK<\/p>\n<p>[nggallery id=13]<\/p>\n<p>&nbsp;<\/p>\n<p>&nbsp;<\/p>\n<p>O\u0160 IVANA MA\u017dURANI\u0106A<\/p>\n<p>[nggallery id=15]<\/p>\n<p>&nbsp;<\/p>\n<p>&nbsp;<\/p>\n<p>O\u0160 IVANA PERKOVCA<\/p>\n<p>[nggallery id=16]<\/p>\n<p>&nbsp;<\/p>\n<p>&nbsp;<\/p>\n<p>O\u0160 OTOK<\/p>\n<p>[nggallery id=17]<\/p>\n<p>&nbsp;<\/p>\n<p>&nbsp;<\/p>\n<p>O\u0160 PAVAO BELAS<\/p>\n<p>[nggallery id=18]<\/p>\n<p>&nbsp;<\/p>\n<p>&nbsp;<\/p>\n<p>DJE\u010cJI VRTI\u0106 &#8220;MARKU\u0160EVEC&#8221;<\/p>\n<p>[nggallery id=19]<\/p>\n<p>&nbsp;<\/p>\n<p>&nbsp;<\/p>\n<p>XV GIMNAZIJA<\/p>\n<p>[nggallery id=23]<\/p>\n<p>&nbsp;<\/p>\n<p>&nbsp;<\/p>\n<p>XIII GIMNAZIJA<\/p>\n<p>[nggallery id=20]<\/p>\n<p>&nbsp;<\/p>\n<p>&nbsp;<\/p>\n<p>PRIMALJSKA \u0160KOLA<\/p>\n<p>[nggallery id=21]<\/p>\n<p>&nbsp;<\/p>\n<p>&nbsp;<\/p>\n<p>KB &#8220;SVETI DUH&#8221;<\/p>\n<p>[nggallery id=22]<\/p>\n<p>&nbsp;<\/p>\n","protected":false},"excerpt":{"rendered":"<p>Ove godine smo \u010detvrti put za redom obilje\u017eili \u201eLjubi\u010dasti dan\u201c koji se diljem svijeta obilje\u017eava 26. o\u017eujka kao Dan podr\u0161ke osobama s epilepsijom. Hrvatska se uklju\u010dila u obilje\u017eavanje ove manifestacije prvi puta 2010.godine, inicijativom Hrvatske udruge za epilepsiju i Referentnog centra za epilepsiju Ministarstva zdravlja Republike Hrvatske. Kao \u0161to je ve\u0107 poznato, obilje\u017eavanje ove manifestacije &hellip; <a href=\"https:\/\/www.epilepsija.hr\/?p=607\" class=\"more-link\">Nastavi \u010ditati <span class=\"screen-reader-text\">USPJE\u0160NO OBILJE\u017dAVANJE LJUBI\u010cASTOG DANA 2013. GODINE u HRVATSKOJ!<\/span> <span class=\"meta-nav\">&rarr;<\/span><\/a><\/p>\n","protected":false},"author":1,"featured_media":0,"comment_status":"closed","ping_status":"closed","sticky":false,"template":"","format":"standard","meta":{"footnotes":""},"categories":[1],"tags":[],"_links":{"self":[{"href":"https:\/\/www.epilepsija.hr\/index.php?rest_route=\/wp\/v2\/posts\/607"}],"collection":[{"href":"https:\/\/www.epilepsija.hr\/index.php?rest_route=\/wp\/v2\/posts"}],"about":[{"href":"https:\/\/www.epilepsija.hr\/index.php?rest_route=\/wp\/v2\/types\/post"}],"author":[{"embeddable":true,"href":"https:\/\/www.epilepsija.hr\/index.php?rest_route=\/wp\/v2\/users\/1"}],"replies":[{"embeddable":true,"href":"https:\/\/www.epilepsija.hr\/index.php?rest_route=%2Fwp%2Fv2%2Fcomments&post=607"}],"version-history":[{"count":27,"href":"https:\/\/www.epilepsija.hr\/index.php?rest_route=\/wp\/v2\/posts\/607\/revisions"}],"predecessor-version":[{"id":635,"href":"https:\/\/www.epilepsija.hr\/index.php?rest_route=\/wp\/v2\/posts\/607\/revisions\/635"}],"wp:attachment":[{"href":"https:\/\/www.epilepsija.hr\/index.php?rest_route=%2Fwp%2Fv2%2Fmedia&parent=607"}],"wp:term":[{"taxonomy":"category","embeddable":true,"href":"https:\/\/www.epilepsija.hr\/index.php?rest_route=%2Fwp%2Fv2%2Fcategories&post=607"},{"taxonomy":"post_tag","embeddable":true,"href":"https:\/\/www.epilepsija.hr\/index.php?rest_route=%2Fwp%2Fv2%2Ftags&post=607"}],"curies":[{"name":"wp","href":"https:\/\/api.w.org\/{rel}","templated":true}]}}