{"id":530,"date":"2013-02-07T19:05:14","date_gmt":"2013-02-07T18:05:14","guid":{"rendered":"http:\/\/www.epilepsija.hr\/?p=530"},"modified":"2013-02-07T20:28:47","modified_gmt":"2013-02-07T19:28:47","slug":"obiljezavanje-europskog-dana-epilepsije-11-veljace","status":"publish","type":"post","link":"https:\/\/www.epilepsija.hr\/?p=530","title":{"rendered":"Obilje\u017eavanje Europskog dana epilepsije 11. velja\u010de!"},"content":{"rendered":"<p><a href=\"http:\/\/www.epilepsija.hr\/wp-content\/uploads\/2013\/02\/Croatian1.jpg\"><img loading=\"lazy\" decoding=\"async\" class=\"aligncenter size-full wp-image-532\" title=\"Croatian\" src=\"http:\/\/www.epilepsija.hr\/wp-content\/uploads\/2013\/02\/Croatian1.jpg\" alt=\"\" width=\"955\" height=\"530\" srcset=\"https:\/\/www.epilepsija.hr\/wp-content\/uploads\/2013\/02\/Croatian1.jpg 955w, https:\/\/www.epilepsija.hr\/wp-content\/uploads\/2013\/02\/Croatian1-300x166.jpg 300w\" sizes=\"(max-width: 955px) 100vw, 955px\" \/><\/a><a href=\"http:\/\/www.epilepsija.hr\/wp-content\/uploads\/2013\/02\/europski-parlament.jpg\"><img loading=\"lazy\" decoding=\"async\" class=\"alignright size-thumbnail wp-image-533\" title=\"europski parlament\" src=\"http:\/\/www.epilepsija.hr\/wp-content\/uploads\/2013\/02\/europski-parlament-150x150.jpg\" alt=\"\" width=\"150\" height=\"150\" \/><\/a><a href=\"http:\/\/www.epilepsija.hr\/wp-content\/uploads\/2013\/02\/Veronika.jpg\"><img loading=\"lazy\" decoding=\"async\" class=\"alignright size-thumbnail wp-image-534\" title=\"Veronika\" src=\"http:\/\/www.epilepsija.hr\/wp-content\/uploads\/2013\/02\/Veronika-137x150.jpg\" alt=\"\" width=\"137\" height=\"150\" \/><\/a>Ove godine \u0107e se Europski dan epilepsije obilje\u017eavati u ponedjeljak\u00a0 11. velja\u010de diljem Europe, a aktivnosti u Europskom parlamentu u Brusselu \u0107e se odvijati tjedan dana kasnije, odnosno 18. velja\u010de.<\/p>\n<p>Dan je po prvi puta promoviran 14. velja\u010de 2011. godine u Europskom parlamentu u Strasbourgu, a predstavnica Hrvatske udruge za epilepsiju bila je g\u0111a Sanja Kobe\u0161\u0107ak o \u010demu smo ranije pisali na na\u0161oj stranici: <a href=\"http:\/\/www.epilepsija.hr\/?page_id=269\">http:\/\/www.epilepsija.hr\/?page_id=269<\/a>.<\/p>\n<p>Svrha obilje\u017eavanja Europskog dana epilepsije je podizanje razine osvije\u0161tenosti o epilepsiji diljem Europe kroz edukacijske i promocijske aktivnosti. Dan je nastao inicijativom Internacionalnog biroa za epilepsiju (International Bureau for Epilepsy &#8211; IBE) \u010dija je \u010dlanica Hrvatska udruga za epilepsiju\u00a0 i Internacionalne lige protiv epilepsije (International League Against Epilepsy &#8211; ILAE).<\/p>\n<p>U sklopu aktivnosti u Brusellu odr\u017eat \u0107e se izlo\u017eba 45 fotografija slavnih sporta\u0161a s osobama s epilepsijom. Ta izlo\u017eba je prvi puta prikazana za vrijeme Europskog epileptolo\u0161kog kongresa 2012. godine u Londonu koji je bio doma\u0107in Olimpijskih igara \u0161to je i nadahnulo ideju o stvaranju izlo\u017ebe.<\/p>\n<p>Doma\u0107in primanja na kojem \u0107e se slu\u017ebeno predstaviti navedena izlo\u017eba bit \u0107e Gay Mitchell (\u010dlan Europskog parlamenta), a u specijalnom dijelu primanja nastupit \u0107e mlada ma\u0111arska gimnasti\u010darka Veronika Mytik\u00f3.\u00a0 Veroniki je zbog epilepsije sa strane ma\u0111arske Vlade zabranjen pristup u dvoranu za vje\u017ebanje i nastupanje na natjecanjima unato\u010d tome \u0161to je epilepsija dobro kontrolirana, a nadle\u017eni lije\u010dnik je potvrdio kako nema medicinskih razloga zbog kojih se ne bi mogla baviti sportom.<\/p>\n<p>Tako\u0111er \u0107e se odr\u017eati radionica na temu prevalencije i tro\u0161kova vezanih uz epilepsiju u kojoj \u0107e uz doma\u0107ina Gay Mitchella, \u00a0govornici biti i Torbj\u00f6rn Tomson (\u0160vedska) te Christine Linehan (Irska).<\/p>\n<p>Osim navedenog, u Brusselu \u0107e se odr\u017eati i ve\u0107i broj privatnih sastanaka te primanje i radionica \u201eUstani za epilepsiju\u201c\u00a0 na kojima su dobrodo\u0161li predstavnici udruga \u010dlanica IBE i ILAE.<\/p>\n<p><strong>EED BOOKMARK (knji\u017ena oznaka)!\u00a0<a href=\"http:\/\/www.epilepsija.hr\/wp-content\/uploads\/2013\/02\/bookmark-300x266.jpg\"><img loading=\"lazy\" decoding=\"async\" class=\"alignright size-thumbnail wp-image-540\" title=\"bookmark-300x266\" src=\"http:\/\/www.epilepsija.hr\/wp-content\/uploads\/2013\/02\/bookmark-300x266-150x150.jpg\" alt=\"\" width=\"150\" height=\"150\" \/><\/a><\/strong><\/p>\n<p>1.\u00a0<a href=\"http:\/\/www.epilepsija.hr\/wp-content\/uploads\/2013\/02\/EED2012BookmarkCroatian.pdf\">Kliknite ovdje za preuzimanje bookmark-a (knji\u017ene oznake) Europskog dana epilepsije!<\/a><\/p>\n<p>2. Ispi\u0161ite prvu stranicu.<\/p>\n<p>3. Postavite ispisanu stranicu (licem prema gore ili dolje, ovisno o postavkama Va\u0161eg pisa\u010da) natrag u ladicu s papirom pisa\u010da.<\/p>\n<p>4. Ispi\u0161ite drugu stranicu.<\/p>\n<p>5. Ispi\u0161ite nekoliko primjeraka i podijelite kolegama, obitelji i prijateljima!<\/p>\n","protected":false},"excerpt":{"rendered":"<p>Ove godine \u0107e se Europski dan epilepsije obilje\u017eavati u ponedjeljak\u00a0 11. velja\u010de diljem Europe, a aktivnosti u Europskom parlamentu u Brusselu \u0107e se odvijati tjedan dana kasnije, odnosno 18. velja\u010de. Dan je po prvi puta promoviran 14. velja\u010de 2011. godine u Europskom parlamentu u Strasbourgu, a predstavnica Hrvatske udruge za epilepsiju bila je g\u0111a Sanja &hellip; <a href=\"https:\/\/www.epilepsija.hr\/?p=530\" class=\"more-link\">Nastavi \u010ditati <span class=\"screen-reader-text\">Obilje\u017eavanje Europskog dana epilepsije 11. velja\u010de!<\/span> <span class=\"meta-nav\">&rarr;<\/span><\/a><\/p>\n","protected":false},"author":1,"featured_media":0,"comment_status":"closed","ping_status":"closed","sticky":false,"template":"","format":"standard","meta":{"footnotes":""},"categories":[1],"tags":[],"_links":{"self":[{"href":"https:\/\/www.epilepsija.hr\/index.php?rest_route=\/wp\/v2\/posts\/530"}],"collection":[{"href":"https:\/\/www.epilepsija.hr\/index.php?rest_route=\/wp\/v2\/posts"}],"about":[{"href":"https:\/\/www.epilepsija.hr\/index.php?rest_route=\/wp\/v2\/types\/post"}],"author":[{"embeddable":true,"href":"https:\/\/www.epilepsija.hr\/index.php?rest_route=\/wp\/v2\/users\/1"}],"replies":[{"embeddable":true,"href":"https:\/\/www.epilepsija.hr\/index.php?rest_route=%2Fwp%2Fv2%2Fcomments&post=530"}],"version-history":[{"count":6,"href":"https:\/\/www.epilepsija.hr\/index.php?rest_route=\/wp\/v2\/posts\/530\/revisions"}],"predecessor-version":[{"id":538,"href":"https:\/\/www.epilepsija.hr\/index.php?rest_route=\/wp\/v2\/posts\/530\/revisions\/538"}],"wp:attachment":[{"href":"https:\/\/www.epilepsija.hr\/index.php?rest_route=%2Fwp%2Fv2%2Fmedia&parent=530"}],"wp:term":[{"taxonomy":"category","embeddable":true,"href":"https:\/\/www.epilepsija.hr\/index.php?rest_route=%2Fwp%2Fv2%2Fcategories&post=530"},{"taxonomy":"post_tag","embeddable":true,"href":"https:\/\/www.epilepsija.hr\/index.php?rest_route=%2Fwp%2Fv2%2Ftags&post=530"}],"curies":[{"name":"wp","href":"https:\/\/api.w.org\/{rel}","templated":true}]}}