{"id":482,"date":"2012-07-15T18:39:47","date_gmt":"2012-07-15T17:39:47","guid":{"rendered":"http:\/\/www.epilepsija.hr\/?p=482"},"modified":"2013-03-13T17:05:58","modified_gmt":"2013-03-13T16:05:58","slug":"potrebna-nam-je-pomoc-za-uredenje-prostora-udruge","status":"publish","type":"post","link":"https:\/\/www.epilepsija.hr\/?p=482","title":{"rendered":"Potrebna nam je pomo\u0107 za ure\u0111enje prostora Udruge!!!"},"content":{"rendered":"<p>Kao \u0161to smo ve\u0107 izvje\u0161tavali na na\u0161oj stranici, u studenom 2011.g. grad Zagreb je dodijelio <a href=\"http:\/\/www.epilepsija.hr\/wp-content\/uploads\/2012\/03\/IMG_1864.jpg\"><img loading=\"lazy\" decoding=\"async\" class=\"alignright size-medium wp-image-387\" title=\"IMG_1864\" alt=\"\" src=\"http:\/\/www.epilepsija.hr\/wp-content\/uploads\/2012\/03\/IMG_1864-300x225.jpg\" width=\"300\" height=\"225\" srcset=\"https:\/\/www.epilepsija.hr\/wp-content\/uploads\/2012\/03\/IMG_1864-300x225.jpg 300w, https:\/\/www.epilepsija.hr\/wp-content\/uploads\/2012\/03\/IMG_1864-1024x768.jpg 1024w, https:\/\/www.epilepsija.hr\/wp-content\/uploads\/2012\/03\/IMG_1864.jpg 2048w\" sizes=\"(max-width: 300px) 100vw, 300px\" \/><\/a>na kori\u0161tenje Udruzi za epilepsiju prostor veli\u010dine 37 kvadratnih metara u Berislavi\u0107evoj 16. Planirano je da se ovdje odr\u017eavaju va\u017ene aktivnosti Udruge za koje do sada nije bilo adekvatne lokacije kao \u0161to su edukacije, savjetovali\u0161ta, sastanci roditelja djece s epilepsijom kao i ostalih manjih grupa pojedinaca koji dijele zajedni\u010dki problem vezan uz \u017eivot s epilepsijom. Na\u017ealost, ovaj prostor u samom centru grada jo\u0161 uvijek nije ni po\u010deo ostvarivati svoju funkciju zbog nedostatka financijskih sredstava potrebnih za njegovo preure\u0111enje i opremanje. Prema tro\u0161kovniku u tu svrhu trebalo bi ulo\u017eiti najmanje 70 000 kn, a molbe potencijalnim donatorima do sada nisu nai\u0161le na odgovaraju\u0107e razumijevanje.<\/p>\n<p>Budu\u0107i da se iz sredstava Udruge sada jedva mogu financirati tro\u0161kovi re\u017eija za navedeni prostor, vjerojatno \u0107e se prostor morati vratiti Gradu ukoliko se uskoro ne na\u0111e rje\u0161enje. Ovim putem jo\u0161 jednom pozivamo sve potencijalne donatore, te sve Vas koji imate savjete i prijedloge za rje\u0161enje ovog problema da nas <a title=\"Kontakti\" href=\"http:\/\/www.epilepsija.hr\/?page_id=9\">kontaktirate<\/a>! Molimo Vas i da podijelite ovaj \u010dlanak dalje putem dru\u0161tvenih mre\u017ea na dolje navedenim poveznicama!<\/p>\n<p>DONACIJE MO\u017dETE UPLATITI NA BROJ \u017dIRO RA\u010cUNA :\u00a0PBZ: 2340009-1110095382<\/p>\n<p>&nbsp;<\/p>\n","protected":false},"excerpt":{"rendered":"<p>Kao \u0161to smo ve\u0107 izvje\u0161tavali na na\u0161oj stranici, u studenom 2011.g. grad Zagreb je dodijelio na kori\u0161tenje Udruzi za epilepsiju prostor veli\u010dine 37 kvadratnih metara u Berislavi\u0107evoj 16. Planirano je da se ovdje odr\u017eavaju va\u017ene aktivnosti Udruge za koje do sada nije bilo adekvatne lokacije kao \u0161to su edukacije, savjetovali\u0161ta, sastanci roditelja djece s epilepsijom &hellip; <a href=\"https:\/\/www.epilepsija.hr\/?p=482\" class=\"more-link\">Nastavi \u010ditati <span class=\"screen-reader-text\">Potrebna nam je pomo\u0107 za ure\u0111enje prostora Udruge!!!<\/span> <span class=\"meta-nav\">&rarr;<\/span><\/a><\/p>\n","protected":false},"author":1,"featured_media":0,"comment_status":"closed","ping_status":"closed","sticky":false,"template":"","format":"standard","meta":{"footnotes":""},"categories":[1],"tags":[],"_links":{"self":[{"href":"https:\/\/www.epilepsija.hr\/index.php?rest_route=\/wp\/v2\/posts\/482"}],"collection":[{"href":"https:\/\/www.epilepsija.hr\/index.php?rest_route=\/wp\/v2\/posts"}],"about":[{"href":"https:\/\/www.epilepsija.hr\/index.php?rest_route=\/wp\/v2\/types\/post"}],"author":[{"embeddable":true,"href":"https:\/\/www.epilepsija.hr\/index.php?rest_route=\/wp\/v2\/users\/1"}],"replies":[{"embeddable":true,"href":"https:\/\/www.epilepsija.hr\/index.php?rest_route=%2Fwp%2Fv2%2Fcomments&post=482"}],"version-history":[{"count":12,"href":"https:\/\/www.epilepsija.hr\/index.php?rest_route=\/wp\/v2\/posts\/482\/revisions"}],"predecessor-version":[{"id":555,"href":"https:\/\/www.epilepsija.hr\/index.php?rest_route=\/wp\/v2\/posts\/482\/revisions\/555"}],"wp:attachment":[{"href":"https:\/\/www.epilepsija.hr\/index.php?rest_route=%2Fwp%2Fv2%2Fmedia&parent=482"}],"wp:term":[{"taxonomy":"category","embeddable":true,"href":"https:\/\/www.epilepsija.hr\/index.php?rest_route=%2Fwp%2Fv2%2Fcategories&post=482"},{"taxonomy":"post_tag","embeddable":true,"href":"https:\/\/www.epilepsija.hr\/index.php?rest_route=%2Fwp%2Fv2%2Ftags&post=482"}],"curies":[{"name":"wp","href":"https:\/\/api.w.org\/{rel}","templated":true}]}}