{"id":462,"date":"2012-07-01T16:39:09","date_gmt":"2012-07-01T15:39:09","guid":{"rendered":"http:\/\/www.epilepsija.hr\/?p=462"},"modified":"2012-07-01T16:39:09","modified_gmt":"2012-07-01T15:39:09","slug":"zavrsen-x-hrvatski-simpozij-o-epilepsiji","status":"publish","type":"post","link":"https:\/\/www.epilepsija.hr\/?p=462","title":{"rendered":"Zavr\u0161en X. hrvatski simpozij o epilepsiji"},"content":{"rendered":"<p><a href=\"http:\/\/www.epilepsija.hr\/wp-content\/uploads\/2012\/06\/milenij-03.png\"><img loading=\"lazy\" decoding=\"async\" class=\"alignright size-full wp-image-453\" title=\"milenij-03\" src=\"http:\/\/www.epilepsija.hr\/wp-content\/uploads\/2012\/06\/milenij-03.png\" alt=\"\" width=\"170\" height=\"128\" \/><\/a>28. lipnja zavr\u0161en je X. hrvatski simpozij o epilepsiji koji je odr\u017ean u Opatiji.<\/p>\n<p>Jedna od glavnih tema bila je &#8220;\u017divot s epilepsijom&#8221;. U toj sekciji odr\u017eano je 7 predavanja sa sljede\u0107im naslovima:<\/p>\n<ul>\n<li><strong>\u00a0<\/strong>Osje\u0107aj stigmatiziranosti kod odraslih osoba s epilepsijom<\/li>\n<li><strong>\u00a0<\/strong>Epilepsije i mladi, koliko znamo o toj bolesti<\/li>\n<li>\u00a0Koliko adolescenti oboljeli od epilepsije znaju o antiepilepti\u010dkim lijekovima?<\/li>\n<li><strong>\u00a0<\/strong>Dijete s epilepsijom u vrti\u0107u i \u0161koli<\/li>\n<li>Epilepsija i zapo\u0161ljavanje<\/li>\n<li>Dijete s epilepsijom &#8211; psihi\u010dki i socijalni aspekti kroni\u010dne bolesti<\/li>\n<li><strong>\u00a0<\/strong>Aktivnosti Hrvatske udruge za epilepsiju u okviru globalne kampanje<\/li>\n<\/ul>\n<p>U raspravi koja je uslijedila\u00a0izneseno je da su oboljeli od epilepsije u Hrvatskoj u svakodnevnom \u017eivotu suo\u010deni s\u00a0razli\u010ditim pote\u0161ko\u0107ama, izme\u0111u ostalog sa sljede\u0107im: osje\u0107ajem stigmatiziranosti, problemima u psiholo\u0161koj prilagodbi na bolest, problemima u zapo\u0161ljavanju. Nagla\u0161eno je da je mnoge probleme mogu\u0107e rije\u0161iti boljim informiranjem oboljelih, \u010dlanova njihovih obitelji i \u0161ire dru\u0161tvene zajednice. Na\u0161a Udruga dobila je potporu za nastavak i pro\u0161irenje dosada\u0161njih aktivnosti.<\/p>\n","protected":false},"excerpt":{"rendered":"<p>28. lipnja zavr\u0161en je X. hrvatski simpozij o epilepsiji koji je odr\u017ean u Opatiji. Jedna od glavnih tema bila je &#8220;\u017divot s epilepsijom&#8221;. U toj sekciji odr\u017eano je 7 predavanja sa sljede\u0107im naslovima: \u00a0Osje\u0107aj stigmatiziranosti kod odraslih osoba s epilepsijom \u00a0Epilepsije i mladi, koliko znamo o toj bolesti \u00a0Koliko adolescenti oboljeli od epilepsije znaju o &hellip; <a href=\"https:\/\/www.epilepsija.hr\/?p=462\" class=\"more-link\">Nastavi \u010ditati <span class=\"screen-reader-text\">Zavr\u0161en X. hrvatski simpozij o epilepsiji<\/span> <span class=\"meta-nav\">&rarr;<\/span><\/a><\/p>\n","protected":false},"author":1,"featured_media":0,"comment_status":"closed","ping_status":"closed","sticky":false,"template":"","format":"standard","meta":{"footnotes":""},"categories":[1],"tags":[],"_links":{"self":[{"href":"https:\/\/www.epilepsija.hr\/index.php?rest_route=\/wp\/v2\/posts\/462"}],"collection":[{"href":"https:\/\/www.epilepsija.hr\/index.php?rest_route=\/wp\/v2\/posts"}],"about":[{"href":"https:\/\/www.epilepsija.hr\/index.php?rest_route=\/wp\/v2\/types\/post"}],"author":[{"embeddable":true,"href":"https:\/\/www.epilepsija.hr\/index.php?rest_route=\/wp\/v2\/users\/1"}],"replies":[{"embeddable":true,"href":"https:\/\/www.epilepsija.hr\/index.php?rest_route=%2Fwp%2Fv2%2Fcomments&post=462"}],"version-history":[{"count":3,"href":"https:\/\/www.epilepsija.hr\/index.php?rest_route=\/wp\/v2\/posts\/462\/revisions"}],"predecessor-version":[{"id":465,"href":"https:\/\/www.epilepsija.hr\/index.php?rest_route=\/wp\/v2\/posts\/462\/revisions\/465"}],"wp:attachment":[{"href":"https:\/\/www.epilepsija.hr\/index.php?rest_route=%2Fwp%2Fv2%2Fmedia&parent=462"}],"wp:term":[{"taxonomy":"category","embeddable":true,"href":"https:\/\/www.epilepsija.hr\/index.php?rest_route=%2Fwp%2Fv2%2Fcategories&post=462"},{"taxonomy":"post_tag","embeddable":true,"href":"https:\/\/www.epilepsija.hr\/index.php?rest_route=%2Fwp%2Fv2%2Ftags&post=462"}],"curies":[{"name":"wp","href":"https:\/\/api.w.org\/{rel}","templated":true}]}}