{"id":443,"date":"2012-06-05T12:28:16","date_gmt":"2012-06-05T11:28:16","guid":{"rendered":"http:\/\/www.epilepsija.hr\/?p=443"},"modified":"2013-02-13T08:36:23","modified_gmt":"2013-02-13T07:36:23","slug":"poziv-roditeljima-djece-sa-dravetovim-sindromom","status":"publish","type":"post","link":"https:\/\/www.epilepsija.hr\/?p=443","title":{"rendered":"Poziv roditeljima djece s Dravetovim sindromom"},"content":{"rendered":"<p><a href=\"http:\/\/www.epilepsija.hr\/wp-content\/uploads\/2012\/06\/ribbon.png\"><img loading=\"lazy\" decoding=\"async\" class=\"alignright  wp-image-445\" title=\"ribbon\" src=\"http:\/\/www.epilepsija.hr\/wp-content\/uploads\/2012\/06\/ribbon-300x230.png\" alt=\"\" width=\"240\" height=\"184\" srcset=\"https:\/\/www.epilepsija.hr\/wp-content\/uploads\/2012\/06\/ribbon-300x230.png 300w, https:\/\/www.epilepsija.hr\/wp-content\/uploads\/2012\/06\/ribbon.png 455w\" sizes=\"(max-width: 240px) 100vw, 240px\" \/><\/a>Dravet-ov sindrom ili SMEI (Severe Myoclonic Epilepsy in Infancy) je vrlo rijedak oblik epilepsije u dje\u010djoj dobi. Obi\u010dno se javlja u prvoj godini \u017eivota, a na\u017ealost pripada\u00a0skupini epilepti\u010dkih sindroma\u00a0koji se najte\u017ee lije\u010de.<\/p>\n<p>Nije to\u010dno poznato koliko u Hrvatskoj ima djece sa SMEI. Nekoliko\u00a0obitelji djece s\u00a0ovim\u00a0sindromom su ve\u0107 me\u0111usobno povezane, \u0161to je\u00a0bitno za razmjenu iskustava i me\u0111usobnu potporu. Ukoliko ste i Vi roditelj djeteta s ovim sindromom ili\u00a0poznajete nekoga\u00a0tko to jest a \u017eelio bi se uklju\u010diti u skupinu me\u0111usobne potpore pozivamo Vas da nam se <a title=\"Kontakti\" href=\"http:\/\/www.epilepsija.hr\/?page_id=9\">javite<\/a>!<\/p>\n","protected":false},"excerpt":{"rendered":"<p>Dravet-ov sindrom ili SMEI (Severe Myoclonic Epilepsy in Infancy) je vrlo rijedak oblik epilepsije u dje\u010djoj dobi. Obi\u010dno se javlja u prvoj godini \u017eivota, a na\u017ealost pripada\u00a0skupini epilepti\u010dkih sindroma\u00a0koji se najte\u017ee lije\u010de. Nije to\u010dno poznato koliko u Hrvatskoj ima djece sa SMEI. Nekoliko\u00a0obitelji djece s\u00a0ovim\u00a0sindromom su ve\u0107 me\u0111usobno povezane, \u0161to je\u00a0bitno za razmjenu iskustava i &hellip; <a href=\"https:\/\/www.epilepsija.hr\/?p=443\" class=\"more-link\">Nastavi \u010ditati <span class=\"screen-reader-text\">Poziv roditeljima djece s Dravetovim sindromom<\/span> <span class=\"meta-nav\">&rarr;<\/span><\/a><\/p>\n","protected":false},"author":1,"featured_media":0,"comment_status":"closed","ping_status":"closed","sticky":false,"template":"","format":"standard","meta":{"footnotes":""},"categories":[1],"tags":[],"_links":{"self":[{"href":"https:\/\/www.epilepsija.hr\/index.php?rest_route=\/wp\/v2\/posts\/443"}],"collection":[{"href":"https:\/\/www.epilepsija.hr\/index.php?rest_route=\/wp\/v2\/posts"}],"about":[{"href":"https:\/\/www.epilepsija.hr\/index.php?rest_route=\/wp\/v2\/types\/post"}],"author":[{"embeddable":true,"href":"https:\/\/www.epilepsija.hr\/index.php?rest_route=\/wp\/v2\/users\/1"}],"replies":[{"embeddable":true,"href":"https:\/\/www.epilepsija.hr\/index.php?rest_route=%2Fwp%2Fv2%2Fcomments&post=443"}],"version-history":[{"count":6,"href":"https:\/\/www.epilepsija.hr\/index.php?rest_route=\/wp\/v2\/posts\/443\/revisions"}],"predecessor-version":[{"id":547,"href":"https:\/\/www.epilepsija.hr\/index.php?rest_route=\/wp\/v2\/posts\/443\/revisions\/547"}],"wp:attachment":[{"href":"https:\/\/www.epilepsija.hr\/index.php?rest_route=%2Fwp%2Fv2%2Fmedia&parent=443"}],"wp:term":[{"taxonomy":"category","embeddable":true,"href":"https:\/\/www.epilepsija.hr\/index.php?rest_route=%2Fwp%2Fv2%2Fcategories&post=443"},{"taxonomy":"post_tag","embeddable":true,"href":"https:\/\/www.epilepsija.hr\/index.php?rest_route=%2Fwp%2Fv2%2Ftags&post=443"}],"curies":[{"name":"wp","href":"https:\/\/api.w.org\/{rel}","templated":true}]}}