{"id":3991,"date":"2026-03-15T12:58:53","date_gmt":"2026-03-15T11:58:53","guid":{"rendered":"https:\/\/www.epilepsija.hr\/?p=3991"},"modified":"2026-03-15T12:58:58","modified_gmt":"2026-03-15T11:58:58","slug":"bicikliraj-za-epilepsiju-2026-poziv-na-manifestaciju-u-nedjelju-29-ozujka-2026-europski-trg-u-zagrebu","status":"publish","type":"post","link":"https:\/\/www.epilepsija.hr\/?p=3991","title":{"rendered":"Bicikliraj za epilepsiju 2026. \u2013 poziv na manifestaciju \u2013 u nedjelju 29. o\u017eujka 2026., Europski trg u Zagrebu"},"content":{"rendered":"<div class=\"wp-block-image\">\n<figure class=\"aligncenter size-large\"><img loading=\"lazy\" decoding=\"async\" width=\"724\" height=\"1024\" src=\"https:\/\/www.epilepsija.hr\/wp-content\/uploads\/Bicikliraj-za-epilepsiju-2026-724x1024.png\" alt=\"\" class=\"wp-image-3992\" srcset=\"https:\/\/www.epilepsija.hr\/wp-content\/uploads\/Bicikliraj-za-epilepsiju-2026-724x1024.png 724w, https:\/\/www.epilepsija.hr\/wp-content\/uploads\/Bicikliraj-za-epilepsiju-2026-212x300.png 212w, https:\/\/www.epilepsija.hr\/wp-content\/uploads\/Bicikliraj-za-epilepsiju-2026.png 760w\" sizes=\"(max-width: 724px) 100vw, 724px\" \/><\/figure><\/div>\n\n\n<p>S velikim zadovoljstvom pozivamo gra\u0111ane, zdravstvene djelatnike, udruge, sporta\u0161e i sve prijatelje da nam se pridru\u017ee na javnozdravstvenoj manifestaciji <strong>\u201eBicikliraj za epilepsiju\u201c<\/strong>, koja \u0107e se odr\u017eati <strong>u nedjelju 29. o\u017eujka 2026. godine na Europskom trgu u Zagrebu<\/strong>.<\/p>\n\n\n\n<p>Manifestacija se organizira povodom <strong>Ljubi\u010dastog dana (Purple Day)<\/strong> \u2013 me\u0111unarodnog dana posve\u0107enog podizanju svijesti o epilepsiji i pru\u017eanju podr\u0161ke osobama koje \u017eive s ovom bole\u0161\u0107u.<\/p>\n\n\n\n<p>Doga\u0111aj se odr\u017eava <strong>pod pokroviteljstvom:<\/strong><\/p>\n\n\n\n<ul>\n<li><strong>Predsjednika Republike Hrvatske<\/strong><\/li>\n\n\n\n<li><strong>Ministarstva zdravstva Republike Hrvatske<\/strong><\/li>\n\n\n\n<li><strong>Grada Zagreba<\/strong><\/li>\n<\/ul>\n\n\n\n<p>Manifestacija se odr\u017eava <strong>u organizaciji i suorganizaciji:<\/strong><\/p>\n\n\n\n<ul>\n<li>Hrvatske udruge za epilepsiju<\/li>\n\n\n\n<li>Gradskog ureda za socijalnu za\u0161titu, zdravstvo, branitelje i osobe s invaliditetom Grada Zagreba \u2013 Sektora za zdravstvo<\/li>\n<\/ul>\n\n\n\n<p><strong>U stru\u010dnom partnerstvu i suradnji sudjeluju i:<\/strong><\/p>\n\n\n\n<ul>\n<li>H<strong>r<\/strong>vatska liga protiv epilepsije<\/li>\n\n\n\n<li>Referentni centar Ministarstva zdravstva Republike Hrvatske za epilepsiju, pridru\u017eeni ERN EpiCARE centar<\/li>\n\n\n\n<li>Referentni centar Ministarstva zdravstva Republike Hrvatske za preoperativnu obradu bolesnika s epilepsijom<\/li>\n\n\n\n<li>Referentni centar Ministarstva zdravstva Republike Hrvatske za epilepsije i konvulzivne bolesti razvojne dobi<\/li>\n\n\n\n<li>Hrvatsko dru\u0161tvo za dje\u010dju neurologiju HLZ<\/li>\n\n\n\n<li>Hrvatsko dru\u0161tvo za EEG i klini\u010dku neurofiziologiju HLZ<\/li>\n\n\n\n<li>Odjel za dje\u010dju neurologiju Klinike za pedijatriju KBC Sestre milosrdnice, pridru\u017eeni ERN EpiCARE centar<\/li>\n\n\n\n<li>Dravet sindrom Hrvatska<\/li>\n<\/ul>\n\n\n\n<hr class=\"wp-block-separator has-alpha-channel-opacity\"\/>\n\n\n\n<h1 class=\"wp-block-heading\">Za\u0161to organiziramo ovaj doga\u0111aj?<\/h1>\n\n\n\n<p>Epilepsija je jedna od naj\u010de\u0161\u0107ih kroni\u010dnih neurolo\u0161kih bolesti. Procjenjuje se da u Hrvatskoj s epilepsijom \u017eivi <strong>oko 40.000 osoba<\/strong>.<\/p>\n\n\n\n<p>Unato\u010d velikom broju oboljelih, epilepsija je i dalje \u010desto pra\u0107ena nerazumijevanjem i stigmatizacijom. Upravo zato je va\u017eno kontinuirano informirati javnost, \u0161iriti znanje o bolesti i pokazati podr\u0161ku osobama koje s njom \u017eive.<\/p>\n\n\n\n<p>Manifestacija <strong>\u201eBicikliraj za epilepsiju\u201c<\/strong> odr\u017eava se od <strong>2015. godine<\/strong> (uz iznimku pandemijskih godina) i svake godine okuplja velik broj gra\u0111ana, volontera i zdravstvenih djelatnika koji simboli\u010dno pru\u017eaju podr\u0161ku osobama s epilepsijom i njihovim obiteljima.<\/p>\n\n\n\n<hr class=\"wp-block-separator has-alpha-channel-opacity\"\/>\n\n\n\n<h1 class=\"wp-block-heading\">Program doga\u0111anja<\/h1>\n\n\n\n<p>\ud83d\udccd <strong>Europski trg, Zagreb<\/strong><\/p>\n\n\n\n<p><strong>10:30 \u2013 13:30<\/strong><br>Edukativno-promotivni \u0161tand Hrvatske udruge za epilepsiju s informativnim materijalima o epilepsiji i savjetima o pravilnom postupanju tijekom epilepti\u010dkog napadaja.<\/p>\n\n\n\n<p><strong>11:15<\/strong><br>Izvedba <strong>Ljubi\u010daste himne<\/strong> u izvedbi djece s epilepsijom i u\u010denika Glazbene \u0161kole <strong>El Musicante<\/strong>, uz plesnu to\u010dku prijatelja kampanje <strong>\u201eMalo ljubi\u010dastiji\u201c<\/strong>.<\/p>\n\n\n\n<p><strong>11:45<\/strong><br>Pozdravni govori pokrovitelja i organizatora.<\/p>\n\n\n\n<p><strong>12:00<\/strong><br>Po\u010detak rekreativne biciklijade <strong>\u201eBicikliraj za epilepsiju\u201c<\/strong>.<\/p>\n\n\n\n<p>Ruta vo\u017enje:<\/p>\n\n\n\n<p>Europski trg \u2013 Vla\u0161ka ulica \u2013 Palmoti\u0107eva ulica \u2013 Bo\u0161kovi\u0107eva ulica \u2013 Hebrangova ulica \u2013 Trg Republike Hrvatske \u2013 Masarykova ulica \u2013 Ulica Nikole Tesle \u2013 Zrinjevac \u2013 Trg Josipa Jurja Strossmayera \u2013 Ulica Pavla Hatza \u2013 Dra\u0161kovi\u0107eva ulica \u2013 \u0160o\u0161tari\u0107eva ulica \u2013 Trg Josipa Langa \u2013 Branjugova ulica \u2013 Vla\u0161ka ulica \u2013 Europski trg.<\/p>\n\n\n\n<p><strong>12:30<\/strong><br>Zajedni\u010dko dru\u017eenje uz <strong>Zumba\u00ae Master Class<\/strong>.<\/p>\n\n\n\n<hr class=\"wp-block-separator has-alpha-channel-opacity\"\/>\n\n\n\n<h1 class=\"wp-block-heading\">Poziv gra\u0111anima<\/h1>\n\n\n\n<p>Pozivamo sve gra\u0111ane, obitelji, sporta\u0161e i prijatelje da nam se pridru\u017ee na Europskom trgu i zajedno s nama po\u0161alju sna\u017enu poruku podr\u0161ke osobama s epilepsijom.<\/p>\n\n\n\n<p>\ud83d\udc9c <strong>Do\u0111ite u ljubi\u010dastom, vozite s nama ili nas podr\u017eite \u2013 jer razumijevanje i podr\u0161ka \u010dine razliku.<\/strong><\/p>\n\n\n\n<figure class=\"wp-block-image size-full\"><img loading=\"lazy\" decoding=\"async\" width=\"800\" height=\"638\" src=\"https:\/\/www.epilepsija.hr\/wp-content\/uploads\/purple-day-large-3.png\" alt=\"\" class=\"wp-image-3994\" srcset=\"https:\/\/www.epilepsija.hr\/wp-content\/uploads\/purple-day-large-3.png 800w, https:\/\/www.epilepsija.hr\/wp-content\/uploads\/purple-day-large-3-300x239.png 300w, https:\/\/www.epilepsija.hr\/wp-content\/uploads\/purple-day-large-3-768x612.png 768w\" sizes=\"(max-width: 800px) 100vw, 800px\" \/><\/figure>\n","protected":false},"excerpt":{"rendered":"<p>S velikim zadovoljstvom pozivamo gra\u0111ane, zdravstvene djelatnike, udruge, sporta\u0161e i sve prijatelje da nam se pridru\u017ee na javnozdravstvenoj manifestaciji \u201eBicikliraj za epilepsiju\u201c, koja \u0107e se odr\u017eati u nedjelju 29. o\u017eujka 2026. godine na Europskom trgu u Zagrebu. Manifestacija se organizira povodom Ljubi\u010dastog dana (Purple Day) \u2013 me\u0111unarodnog dana posve\u0107enog podizanju svijesti o epilepsiji i pru\u017eanju &hellip; <a href=\"https:\/\/www.epilepsija.hr\/?p=3991\" class=\"more-link\">Nastavi \u010ditati <span class=\"screen-reader-text\">Bicikliraj za epilepsiju 2026. \u2013 poziv na manifestaciju \u2013 u nedjelju 29. o\u017eujka 2026., Europski trg u Zagrebu<\/span> <span class=\"meta-nav\">&rarr;<\/span><\/a><\/p>\n","protected":false},"author":1,"featured_media":0,"comment_status":"closed","ping_status":"closed","sticky":false,"template":"","format":"standard","meta":{"footnotes":""},"categories":[1],"tags":[],"_links":{"self":[{"href":"https:\/\/www.epilepsija.hr\/index.php?rest_route=\/wp\/v2\/posts\/3991"}],"collection":[{"href":"https:\/\/www.epilepsija.hr\/index.php?rest_route=\/wp\/v2\/posts"}],"about":[{"href":"https:\/\/www.epilepsija.hr\/index.php?rest_route=\/wp\/v2\/types\/post"}],"author":[{"embeddable":true,"href":"https:\/\/www.epilepsija.hr\/index.php?rest_route=\/wp\/v2\/users\/1"}],"replies":[{"embeddable":true,"href":"https:\/\/www.epilepsija.hr\/index.php?rest_route=%2Fwp%2Fv2%2Fcomments&post=3991"}],"version-history":[{"count":1,"href":"https:\/\/www.epilepsija.hr\/index.php?rest_route=\/wp\/v2\/posts\/3991\/revisions"}],"predecessor-version":[{"id":3995,"href":"https:\/\/www.epilepsija.hr\/index.php?rest_route=\/wp\/v2\/posts\/3991\/revisions\/3995"}],"wp:attachment":[{"href":"https:\/\/www.epilepsija.hr\/index.php?rest_route=%2Fwp%2Fv2%2Fmedia&parent=3991"}],"wp:term":[{"taxonomy":"category","embeddable":true,"href":"https:\/\/www.epilepsija.hr\/index.php?rest_route=%2Fwp%2Fv2%2Fcategories&post=3991"},{"taxonomy":"post_tag","embeddable":true,"href":"https:\/\/www.epilepsija.hr\/index.php?rest_route=%2Fwp%2Fv2%2Ftags&post=3991"}],"curies":[{"name":"wp","href":"https:\/\/api.w.org\/{rel}","templated":true}]}}