{"id":3934,"date":"2025-10-14T19:36:59","date_gmt":"2025-10-14T18:36:59","guid":{"rendered":"https:\/\/www.epilepsija.hr\/?p=3934"},"modified":"2025-10-14T19:37:03","modified_gmt":"2025-10-14T18:37:03","slug":"15-listopada-2025-dan-podizanja-svjesnosti-o-sudep-u","status":"publish","type":"post","link":"https:\/\/www.epilepsija.hr\/?p=3934","title":{"rendered":"15. listopada 2025. \u2013 Dan podizanja svjesnosti o SUDEP-u"},"content":{"rendered":"\n<p>Ove godine 15. listopada obilje\u017eava se <strong>Dan podizanja svjesnosti o nagloj neo\u010dekivanoj smrti u oboljelih od epilepsije<\/strong> (engl. <em>Sudden Unexpected Death in Epilepsy \u2013 SUDEP<\/em>).<br>Cilj obilje\u017eavanja je pove\u0107ati razumijevanje, razgovor i znanje o ovom rijetkom, ali vrlo ozbiljnom ishodu epilepsije.<\/p>\n\n\n\n<hr class=\"wp-block-separator has-alpha-channel-opacity\"\/>\n\n\n\n<p><strong>Epilepsija \u2013 \u010desta, ali i dalje stigmatizirana bolest<\/strong><\/p>\n\n\n\n<p>Epilepsija je naj\u010de\u0161\u0107a kroni\u010dna neurolo\u0161ka bolest i javlja se kod otprilike <strong>1 od 100 osoba<\/strong>.<br>U Hrvatskoj se procjenjuje da od epilepsije boluje oko <strong>40.000 ljudi<\/strong>.<br>Epilepsija nije samo bolest koja se prezentira epilepti\u010dkim napadajima \u2013 ona mo\u017ee utjecati i na <strong>pam\u0107enje, raspolo\u017eenje, u\u010denje, zapo\u0161ljavanje i kvalitetu \u017eivota.<\/strong><\/p>\n\n\n\n<p>Kod ve\u0107ine osoba epilepsija se mo\u017ee dobro kontrolirati lijekovima, no <strong>postoje i osobe kod kojih je epilepsija udru\u017eena s te\u017eim oblicima bolesti<\/strong>, osobito u slu\u010dajevima <strong>epilepti\u010dkih encefalopatija<\/strong>. U tim slu\u010dajevima epilepsija je prisutna <strong>od ranog djetinjstva<\/strong> te je \u010desto povezana sa <strong>zaostajanjem<\/strong> <strong>u razvoju, smetnjama govora, motori\u010dkim te\u0161ko\u0107ama ili genskim promjenama<\/strong>.<br>Upravo u toj skupini bolesnika, kao i kod ostalih oboljelih, kod kojih unato\u010d lije\u010denju se i dalje javljaju u\u010destali i te\u0161ki napadaji, rizik od SUDEP-a mo\u017ee biti pove\u0107an.<\/p>\n\n\n\n<hr class=\"wp-block-separator has-alpha-channel-opacity\"\/>\n\n\n\n<p><strong>\u0160to je SUDEP?<\/strong><\/p>\n\n\n\n<p>Kratica SUDEP ozna\u010dava <strong>naglu i neo\u010dekivanu smrt u osobe oboljele od epilepsije<\/strong> koja je bila do tada u dobrom zdravstvenom stanju te smrt nije uzrokovana ozljedom, gu\u0161enjem ili drugom bole\u0161\u0107u.<br>Naj\u010de\u0161\u0107e se dogodi <strong>nakon napadaja, osobito no\u0107u<\/strong>, dok osoba spava.<\/p>\n\n\n\n<p>Procjenjuje se da svake godine:<\/p>\n\n\n\n<ul>\n<li>oko <strong>1 od 1000 odraslih osoba<\/strong> s epilepsijom,<\/li>\n\n\n\n<li>i <strong>1 od 4500 djece<\/strong> s epilepsijom,<br>umire zbog SUDEP-a.<\/li>\n<\/ul>\n\n\n\n<p>To je <strong>naj\u010de\u0161\u0107i uzrok smrti<\/strong> me\u0111u osobama s epilepsijom koje imaju <strong>\u010deste ili te\u017ee napadaje<\/strong>.<\/p>\n\n\n\n<hr class=\"wp-block-separator has-alpha-channel-opacity\"\/>\n\n\n\n<p><strong>Za\u0161to se SUDEP doga\u0111a?<\/strong><\/p>\n\n\n\n<p>To\u010dan uzrok jo\u0161 nije potpuno razja\u0161njen.<br>Istra\u017eivanja pokazuju da SUDEP mo\u017ee nastati zbog:<\/p>\n\n\n\n<ul>\n<li><strong>poreme\u0107aja sr\u010danog ritma<\/strong> (nepravilnog rada srca),<\/li>\n\n\n\n<li><strong>poreme\u0107aja disanja<\/strong> nakon napadaja,<\/li>\n\n\n\n<li><strong>poreme\u0107aja rada mozga<\/strong> koji utje\u010de na disanje i rad srca,<\/li>\n\n\n\n<li><strong>genskih \u010dimbenika<\/strong> koji pove\u0107avaju osjetljivost.<\/li>\n<\/ul>\n\n\n\n<p>U ve\u0107ini slu\u010dajeva osoba je prona\u0111ena u krevetu, \u010desto <strong>licem prema dolje<\/strong>, a znakovi upu\u0107uju da se neposredno prije smrti dogodio napadaj.<\/p>\n\n\n\n<hr class=\"wp-block-separator has-alpha-channel-opacity\"\/>\n\n\n\n<p><strong>Za\u0161to je va\u017eno razgovarati o SUDEP-u?<\/strong><\/p>\n\n\n\n<p>Iako je SUDEP vrlo ozbiljan, <strong>o njemu se rijetko govori<\/strong>.<br>Mnogi lije\u010dnici i oboljeli izbjegavaju temu jer izaziva strah i tjeskobu.<br>No, istra\u017eivanja pokazuju da <strong>informiranost i znanje spa\u0161avaju \u017eivote<\/strong> \u2013 osobe koje razumiju rizike redovitije uzimaju terapiju, prate napadaje i bolje sura\u0111uju sa svojim lije\u010dnikom.<\/p>\n\n\n\n<p>Razgovor s lije\u010dnikom o SUDEP-u <strong>ne zna\u010di poticanje straha<\/strong>, nego <strong>osna\u017eivanje osobe<\/strong> da razumije kako mo\u017ee smanjiti vlastiti rizik.<\/p>\n\n\n\n<hr class=\"wp-block-separator has-alpha-channel-opacity\"\/>\n\n\n\n<p><strong>Kako smanjiti rizik od SUDEP-a?<\/strong><\/p>\n\n\n\n<p>Najva\u017enija mjera je <strong>dobro kontrolirati napadaje<\/strong>.<br>Kod ve\u0107ine osoba to se posti\u017ee pravilnim uzimanjem lijekova i redovitim pra\u0107enjem kod neuropedijatra\/neurologa\/epileptologa.<\/p>\n\n\n\n<p><strong>Preporu\u010dene preventivne mjere uklju\u010duju:<\/strong><\/p>\n\n\n\n<ul>\n<li>\ud83d\udc8a <strong>Redovito uzimanje lijekova<\/strong> u to\u010dno propisanoj dozi<\/li>\n\n\n\n<li>\ud83e\udde0 <strong>Redovite kontrole<\/strong> kod lije\u010dnika i iskren razgovor o svim promjenama<\/li>\n\n\n\n<li>\ud83d\uddd3\ufe0f <strong>Vo\u0111enje dnevnika napadaja<\/strong> (bilje\u017eiti datum, vrijeme i mogu\u0107e okida\u010de)<\/li>\n\n\n\n<li>\ud83d\ude34 <strong>Dovoljno spavanja<\/strong> \u2013 manjak spavanja pove\u0107ava rizik od napadaja<\/li>\n\n\n\n<li>\ud83d\udeab <strong>Izbjegavanje alkohola i droga<\/strong><\/li>\n\n\n\n<li>\ud83e\udd57 <strong>Redovite i uravnote\u017eene obroke<\/strong>, uz dovoljan unos teku\u0107ine<\/li>\n\n\n\n<li>\ud83e\uddd8 <strong>Smanjenje stresa<\/strong> i u\u010denje tehnika opu\u0161tanja<\/li>\n\n\n\n<li>\ud83d\udca1 <strong>Poznavanje vlastitih okida\u010da<\/strong> napadaja (npr. treperava svjetla, preskakanje lijekova, deprivacija spavanja)<\/li>\n<\/ul>\n\n\n\n<p>Tako\u0111er se preporu\u010duje da <strong>\u010dlanovi obitelji i prijatelji znaju pru\u017eiti prvu pomo\u0107<\/strong> kod napadaja i da budu upoznati s rizicima SUDEP-a.<\/p>\n\n\n\n<hr class=\"wp-block-separator has-alpha-channel-opacity\"\/>\n\n\n\n<p><strong>Za\u0161to obilje\u017eavamo ovaj dan?<\/strong><\/p>\n\n\n\n<p>Obilje\u017eavanje Dana SUDEP-a nije samo podsjetnik na opasnosti koje epilepsija mo\u017ee uzrokovati \u2013 to je i <strong>poziv na razgovor, razumijevanje i podr\u0161ku<\/strong> osobama koje \u017eive s epilepsijom.<\/p>\n\n\n\n<p>Razumijevanje SUDEP-a zna\u010di:<\/p>\n\n\n\n<ul>\n<li>vi\u0161e znanja i manje straha,<\/li>\n\n\n\n<li>bolju kontrolu bolesti,<\/li>\n\n\n\n<li>ve\u0107e \u0161anse da se izbjegne tragedija koja se mo\u017ee sprije\u010diti.<\/li>\n<\/ul>\n\n\n\n<p>Razgovarajte sa svojim <strong>lije\u010dnikom<\/strong> o svim pitanjima, rizicima i mogu\u0107nostima za\u0161tite \u2013 jer <strong>znanje mo\u017ee spasiti \u017eivot<\/strong>.<\/p>\n\n\n<div class=\"wp-block-image\">\n<figure class=\"aligncenter size-large\"><img loading=\"lazy\" decoding=\"async\" width=\"1024\" height=\"1024\" src=\"https:\/\/www.epilepsija.hr\/wp-content\/uploads\/image-47-1024x1024.png\" alt=\"\" class=\"wp-image-3935\" srcset=\"https:\/\/www.epilepsija.hr\/wp-content\/uploads\/image-47-1024x1024.png 1024w, https:\/\/www.epilepsija.hr\/wp-content\/uploads\/image-47-300x300.png 300w, https:\/\/www.epilepsija.hr\/wp-content\/uploads\/image-47-150x150.png 150w, https:\/\/www.epilepsija.hr\/wp-content\/uploads\/image-47-768x768.png 768w, https:\/\/www.epilepsija.hr\/wp-content\/uploads\/image-47.png 1080w\" sizes=\"(max-width: 1024px) 100vw, 1024px\" \/><figcaption class=\"wp-element-caption\">Fotografija: Dravet sindrom Hrvatska<\/figcaption><\/figure><\/div>\n\n\n<p><\/p>\n","protected":false},"excerpt":{"rendered":"<p>Ove godine 15. listopada obilje\u017eava se Dan podizanja svjesnosti o nagloj neo\u010dekivanoj smrti u oboljelih od epilepsije (engl. Sudden Unexpected Death in Epilepsy \u2013 SUDEP).Cilj obilje\u017eavanja je pove\u0107ati razumijevanje, razgovor i znanje o ovom rijetkom, ali vrlo ozbiljnom ishodu epilepsije. Epilepsija \u2013 \u010desta, ali i dalje stigmatizirana bolest Epilepsija je naj\u010de\u0161\u0107a kroni\u010dna neurolo\u0161ka bolest i &hellip; <a href=\"https:\/\/www.epilepsija.hr\/?p=3934\" class=\"more-link\">Nastavi \u010ditati <span class=\"screen-reader-text\">15. listopada 2025. \u2013 Dan podizanja svjesnosti o SUDEP-u<\/span> <span class=\"meta-nav\">&rarr;<\/span><\/a><\/p>\n","protected":false},"author":1,"featured_media":0,"comment_status":"closed","ping_status":"closed","sticky":false,"template":"","format":"standard","meta":{"footnotes":""},"categories":[1],"tags":[],"_links":{"self":[{"href":"https:\/\/www.epilepsija.hr\/index.php?rest_route=\/wp\/v2\/posts\/3934"}],"collection":[{"href":"https:\/\/www.epilepsija.hr\/index.php?rest_route=\/wp\/v2\/posts"}],"about":[{"href":"https:\/\/www.epilepsija.hr\/index.php?rest_route=\/wp\/v2\/types\/post"}],"author":[{"embeddable":true,"href":"https:\/\/www.epilepsija.hr\/index.php?rest_route=\/wp\/v2\/users\/1"}],"replies":[{"embeddable":true,"href":"https:\/\/www.epilepsija.hr\/index.php?rest_route=%2Fwp%2Fv2%2Fcomments&post=3934"}],"version-history":[{"count":1,"href":"https:\/\/www.epilepsija.hr\/index.php?rest_route=\/wp\/v2\/posts\/3934\/revisions"}],"predecessor-version":[{"id":3936,"href":"https:\/\/www.epilepsija.hr\/index.php?rest_route=\/wp\/v2\/posts\/3934\/revisions\/3936"}],"wp:attachment":[{"href":"https:\/\/www.epilepsija.hr\/index.php?rest_route=%2Fwp%2Fv2%2Fmedia&parent=3934"}],"wp:term":[{"taxonomy":"category","embeddable":true,"href":"https:\/\/www.epilepsija.hr\/index.php?rest_route=%2Fwp%2Fv2%2Fcategories&post=3934"},{"taxonomy":"post_tag","embeddable":true,"href":"https:\/\/www.epilepsija.hr\/index.php?rest_route=%2Fwp%2Fv2%2Ftags&post=3934"}],"curies":[{"name":"wp","href":"https:\/\/api.w.org\/{rel}","templated":true}]}}