{"id":3910,"date":"2025-03-06T19:41:47","date_gmt":"2025-03-06T18:41:47","guid":{"rendered":"https:\/\/www.epilepsija.hr\/?p=3910"},"modified":"2025-03-06T19:41:50","modified_gmt":"2025-03-06T18:41:50","slug":"poziv-vrticima-skolama-i-fakultetima-na-obiljezavanje-ljubicastog-dana-2025","status":"publish","type":"post","link":"https:\/\/www.epilepsija.hr\/?p=3910","title":{"rendered":"POZIV VRTI\u0106IMA, \u0160KOLAMA I FAKULTETIMA NA OBILJE\u017dAVANJE LJUBI\u010cASTOG DANA 2025.!"},"content":{"rendered":"\n<p>Hrvatska i ove godine, 26. o\u017eujka,  obilje\u017eava <strong>\u0161esnaesti<\/strong> po redu Ljubi\u010dasti dan, globalnu inicijativu posve\u0107enu podizanju svijesti o epilepsiji. Tijekom proteklih godina, poseban naglasak stavljen je na edukaciju djece i mladih kako bismo \u0161irili znanje i poticali formiranje ispravnih stavova. U tom duhu, organizirana su brojna predavanja i doga\u0111anja u vrti\u0107ima, osnovnim i srednjim \u0161kolama, vrti\u0107ima, medicinskim fakultetima i bolnicama diljem Hrvatske, uz sna\u017enu podr\u0161ku javnosti i medija.<\/p>\n\n\n<div class=\"wp-block-image\">\n<figure class=\"aligncenter size-full is-resized\"><img loading=\"lazy\" decoding=\"async\" width=\"800\" height=\"619\" src=\"https:\/\/www.epilepsija.hr\/wp-content\/uploads\/Purple-day-logo.png\" alt=\"\" class=\"wp-image-3913\" style=\"width:333px;height:auto\" srcset=\"https:\/\/www.epilepsija.hr\/wp-content\/uploads\/Purple-day-logo.png 800w, https:\/\/www.epilepsija.hr\/wp-content\/uploads\/Purple-day-logo-300x232.png 300w, https:\/\/www.epilepsija.hr\/wp-content\/uploads\/Purple-day-logo-768x594.png 768w\" sizes=\"(max-width: 800px) 100vw, 800px\" \/><\/figure><\/div>\n\n\n<p>Prethodnim smo godina i dalje nastavljamo promovirati edukativne filmovi o Kampiju. Ovi filmovi, namijenjeni svim uzrastima, na jednostavan i pristupa\u010dan na\u010din pribli\u017eavaju osnovne pojmove vezane uz epilepsiju. Ukupnog trajanja od 21 minute, filmove su izradili Me\u0111unarodna liga protiv epilepsije (ILAE) i Me\u0111unarodna udruga za epilepsiju (IBE), dok ih je Hrvatska udruga za epilepsiju, uz pomo\u0107 glumaca, prilagodila i sinkronizirala pod pokroviteljstvom Grada Zagreba.<\/p>\n\n\n\n<p><strong>Filmovi su dostupni na YouTube kanalu Hrvatske udruge za epilepsiju:<\/strong><\/p>\n\n\n\n<p>Kriza u \u0161koli \u2013 Kampi nije dobro: <a href=\"https:\/\/www.youtube.com\/watch?v=NkmzR2VwGm0&amp;t=19s\">https:\/\/www.youtube.com\/watch?v=NkmzR2VwGm0&amp;t=19s<\/a><\/p>\n\n\n\n<p>Kampi ide doktoru \u2013 O \u010demu se radi?: <a href=\"https:\/\/www.youtube.com\/watch?v=vbtmcPRtTwk\">https:\/\/www.youtube.com\/watch?v=vbtmcPRtTwk<\/a><\/p>\n\n\n\n<p>Prva pomo\u0107 kod epilepsije: <a href=\"https:\/\/www.youtube.com\/watch?v=lbA7452hR0c\">https:\/\/www.youtube.com\/watch?v=lbA7452hR0c<\/a><\/p>\n\n\n\n<p>Epilepsija i sport: <a href=\"https:\/\/www.youtube.com\/watch?v=dgkVWX1-ryA\">https:\/\/www.youtube.com\/watch?v=dgkVWX1-ryA<\/a><\/p>\n\n\n\n<p>Kampi u\u010di o epilepsiji kao svjetskom problemu: <a href=\"https:\/\/www.youtube.com\/watch?v=EvlmZGC1QaU\">https:\/\/www.youtube.com\/watch?v=EvlmZGC1QaU<\/a><\/p>\n\n\n\n<p>Stigma i diskriminacija: <a href=\"https:\/\/www.youtube.com\/watch?v=diTv3Vkt6Lw\">https:\/\/www.youtube.com\/watch?v=diTv3Vkt6Lw<\/a><\/p>\n\n\n\n<p>Razlike u lije\u010denju: <a href=\"https:\/\/www.youtube.com\/watch?v=5CEABedL0nw\">https:\/\/www.youtube.com\/watch?v=5CEABedL0nw<\/a><\/p>\n\n\n\n<p>Prevencija epilepsije: <a href=\"https:\/\/www.youtube.com\/watch?v=m8RkjShsJcc\">https:\/\/www.youtube.com\/watch?v=m8RkjShsJcc<\/a><\/p>\n\n\n\n<p>Sad je vrijeme za akciju!:<a href=\" https:\/\/www.youtube.com\/watch?v=rnpL8aPqvck\"> https:\/\/www.youtube.com\/watch?v=rnpL8aPqvck<\/a><\/p>\n\n\n\n<p>Pozivamo ravnatelje, nastavnike i sve ovla\u0161tene osobe svih obrazovno-odgojnih ustanova da se pridru\u017ee obilje\u017eavanju Ljubi\u010dastog dana i podr\u017ee ovu va\u017enu inicijativu. 26. o\u017eujka je dan posve\u0107en osobama s epilepsijom i podizanju svijesti o ovoj bolesti \u2013 sudjelovanjem u edukaciji i \u0161irenjem znanja mo\u017eemo zajedni\u010dki doprinijeti borbi protiv stigme i predrasuda.<\/p>\n\n\n\n<p>Za sve one koji do sada nisu pratili na\u0161a doga\u0111anja, pozivamo vas da pogledate fotogalerije na na\u0161oj web stranici www.epilepsija.hr i Facebook stranici.<\/p>\n\n\n\n<p>I ove godine ostajemo vjerni na\u0161em sloganu:<\/p>\n\n\n\n<p>\u201e\u0160irenjem znanja o epilepsiji, ru\u0161imo predrasude!\u201c<\/p>\n\n\n<div class=\"wp-block-image\">\n<figure class=\"aligncenter size-large\"><img loading=\"lazy\" decoding=\"async\" width=\"724\" height=\"1024\" src=\"https:\/\/www.epilepsija.hr\/wp-content\/uploads\/POSTER-LJUBICASTI-DAN-2025-verzija-2-1-724x1024.jpg\" alt=\"\" class=\"wp-image-3912\" srcset=\"https:\/\/www.epilepsija.hr\/wp-content\/uploads\/POSTER-LJUBICASTI-DAN-2025-verzija-2-1-724x1024.jpg 724w, https:\/\/www.epilepsija.hr\/wp-content\/uploads\/POSTER-LJUBICASTI-DAN-2025-verzija-2-1-212x300.jpg 212w, https:\/\/www.epilepsija.hr\/wp-content\/uploads\/POSTER-LJUBICASTI-DAN-2025-verzija-2-1-768x1087.jpg 768w, https:\/\/www.epilepsija.hr\/wp-content\/uploads\/POSTER-LJUBICASTI-DAN-2025-verzija-2-1-1086x1536.jpg 1086w, https:\/\/www.epilepsija.hr\/wp-content\/uploads\/POSTER-LJUBICASTI-DAN-2025-verzija-2-1-1448x2048.jpg 1448w, https:\/\/www.epilepsija.hr\/wp-content\/uploads\/POSTER-LJUBICASTI-DAN-2025-verzija-2-1-scaled.jpg 1809w\" sizes=\"(max-width: 724px) 100vw, 724px\" \/><\/figure><\/div>","protected":false},"excerpt":{"rendered":"<p>Hrvatska i ove godine, 26. o\u017eujka, obilje\u017eava \u0161esnaesti po redu Ljubi\u010dasti dan, globalnu inicijativu posve\u0107enu podizanju svijesti o epilepsiji. Tijekom proteklih godina, poseban naglasak stavljen je na edukaciju djece i mladih kako bismo \u0161irili znanje i poticali formiranje ispravnih stavova. U tom duhu, organizirana su brojna predavanja i doga\u0111anja u vrti\u0107ima, osnovnim i srednjim \u0161kolama, &hellip; <a href=\"https:\/\/www.epilepsija.hr\/?p=3910\" class=\"more-link\">Nastavi \u010ditati <span class=\"screen-reader-text\">POZIV VRTI\u0106IMA, \u0160KOLAMA I FAKULTETIMA NA OBILJE\u017dAVANJE LJUBI\u010cASTOG DANA 2025.!<\/span> <span class=\"meta-nav\">&rarr;<\/span><\/a><\/p>\n","protected":false},"author":1,"featured_media":0,"comment_status":"closed","ping_status":"closed","sticky":false,"template":"","format":"standard","meta":{"footnotes":""},"categories":[1],"tags":[],"_links":{"self":[{"href":"https:\/\/www.epilepsija.hr\/index.php?rest_route=\/wp\/v2\/posts\/3910"}],"collection":[{"href":"https:\/\/www.epilepsija.hr\/index.php?rest_route=\/wp\/v2\/posts"}],"about":[{"href":"https:\/\/www.epilepsija.hr\/index.php?rest_route=\/wp\/v2\/types\/post"}],"author":[{"embeddable":true,"href":"https:\/\/www.epilepsija.hr\/index.php?rest_route=\/wp\/v2\/users\/1"}],"replies":[{"embeddable":true,"href":"https:\/\/www.epilepsija.hr\/index.php?rest_route=%2Fwp%2Fv2%2Fcomments&post=3910"}],"version-history":[{"count":1,"href":"https:\/\/www.epilepsija.hr\/index.php?rest_route=\/wp\/v2\/posts\/3910\/revisions"}],"predecessor-version":[{"id":3914,"href":"https:\/\/www.epilepsija.hr\/index.php?rest_route=\/wp\/v2\/posts\/3910\/revisions\/3914"}],"wp:attachment":[{"href":"https:\/\/www.epilepsija.hr\/index.php?rest_route=%2Fwp%2Fv2%2Fmedia&parent=3910"}],"wp:term":[{"taxonomy":"category","embeddable":true,"href":"https:\/\/www.epilepsija.hr\/index.php?rest_route=%2Fwp%2Fv2%2Fcategories&post=3910"},{"taxonomy":"post_tag","embeddable":true,"href":"https:\/\/www.epilepsija.hr\/index.php?rest_route=%2Fwp%2Fv2%2Ftags&post=3910"}],"curies":[{"name":"wp","href":"https:\/\/api.w.org\/{rel}","templated":true}]}}