{"id":3899,"date":"2025-01-31T22:29:16","date_gmt":"2025-01-31T21:29:16","guid":{"rendered":"https:\/\/www.epilepsija.hr\/?p=3899"},"modified":"2025-01-31T22:29:19","modified_gmt":"2025-01-31T21:29:19","slug":"poziv-na-obiljezavanje-medunarodnog-dana-epilepsije-i-nacionalnog-dana-oboljelih-od-epilepsije-2025-zadar-10-veljace-2025","status":"publish","type":"post","link":"https:\/\/www.epilepsija.hr\/?p=3899","title":{"rendered":"Poziv na obilje\u017eavanje Me\u0111unarodnog dana epilepsije i Nacionalnog dana oboljelih od epilepsije 2025. &#8211; Zadar, 10. velja\u010de 2025."},"content":{"rendered":"<div class=\"wp-block-image\">\n<figure class=\"aligncenter\"><img decoding=\"async\" src=\"https:\/\/lh7-rt.googleusercontent.com\/docsz\/AD_4nXfwA2SLr013vz8L-pkH6nD8MmH-WLyMfz1T4vpK0eJfZSPxGNAVmDP2CyIHz4miKkbTgV3kQ7hL6IjNgJ3U6gaX7Nmvcr3dA1D1J6ZeYPl_7IVl_ujKel0tSiYQR_g3ekMVNV0Is0KzuhJVvKOMMps?key=C-p8Q54a19u5MXXJk1D-CL9A\" alt=\"\"\/><\/figure><\/div>\n\n\n<p>Po\u0161tovani i dragi svi,&nbsp;<\/p>\n\n\n\n<p>velja\u010da je poseban mjesec u kojem obilje\u017eavamo dva zna\u010dajna datuma posve\u0107ena epilepsiji i podizanju svijesti o ovoj bolesti.<\/p>\n\n\n\n<p>Dana 10. velja\u010de (drugi ponedjeljak u velja\u010di) slavimo Me\u0111unarodni dan epilepsije, dok se 14. velja\u010de u Hrvatskoj obilje\u017eava Nacionalni dan oboljelih od epilepsije.<\/p>\n\n\n\n<p>Ove godine fokus nam je na pove\u0107anju znanja o epilepsiji u svim dijelovima dru\u0161tva. Pozivamo osobe s epilepsijom i njihove bli\u017enje da, bilo u\u017eivo ili virtualno, podijele svoja iskustva i osobne pri\u010de kako bismo zajedno smanjili stigmu i potaknuli bolje razumijevanje.&nbsp;<\/p>\n\n\n\n<p><strong>SREDI\u0160NJA MANIFESTACIJA SE OBILJE\u017dAVA U ZADRU<\/strong> <strong>10. VELJA\u010cE 2025.!<\/strong><\/p>\n\n\n\n<p>U suorganizaciji sa Sveu\u010dili\u0161tem u Zadru i Op\u0107om bolnicom Zadar, pozivamo vas da sudjelujete u brojim aktivnostima koje smo pripremili i koje su detaljno opisane na prilo\u017eenim posterima.&nbsp;<\/p>\n\n\n<div class=\"wp-block-image\">\n<figure class=\"aligncenter\"><img decoding=\"async\" src=\"https:\/\/lh7-rt.googleusercontent.com\/docsz\/AD_4nXdcyySS-dfF5iRrH5lB6Vbb3rq8bX_Zt12izbhM5i3XgG0rexmtjCTFjGhonMp5G7oq5Se67kB9RB4_V6fTsMdzgJ8AkauJ2vg-vbFvFpL7p0VhzpOwGQxdQ6dcnkrBhhpdEPaL3RW-6Nw0FwzKZw?key=C-p8Q54a19u5MXXJk1D-CL9A\" alt=\"\"\/><\/figure><\/div>\n\n\n<p>Ako niste u mogu\u0107nosti prisustvovati u\u017eivo, omogu\u0107ili smo vam sudjelovanje putem Zoom aplikacije tijekom hibridnog simpozija. Za pristup, jednostavno se uklju\u010dite putem prilo\u017eene poveznice (Passcode 945450) .<\/p>\n\n\n\n<p><a href=\"https:\/\/us02web.zoom.us\/meeting\/register\/RcNdr9dESO2v-WnVVLB88w\">https:\/\/us02web.zoom.us\/meeting\/register\/RcNdr9dESO2v-WnVVLB88w<\/a><\/p>\n\n\n\n<p>Za prikupljanje bodova od nadle\u017enih komora (HLK, HKMS i HPK) tijekom hibridnog simpozija prisutnima u dvorani bit \u0107e na raspolaganju potpisna lista dok \u0107e za virtualne slu\u0161a\u010de biti omogu\u0107ena datoteka za upis u chatu.<\/p>\n\n\n<div class=\"wp-block-image\">\n<figure class=\"aligncenter\"><img decoding=\"async\" src=\"https:\/\/lh7-rt.googleusercontent.com\/docsz\/AD_4nXdS1WWOCmdk88U05n64Vr1iM16E-vn0_yQ5ig1M7ktfSPEtnCYJCXX0s98vcjRM5TsSGmWZbVya2n2ef6N47WNHWNV-sWpy-GV9CzBQPuHOoBPZUWP65IXRMTCsm9bo8FUOyOLB49UjmqDrBT83pQ?key=C-p8Q54a19u5MXXJk1D-CL9A\" alt=\"\"\/><\/figure><\/div>\n\n\n<p>S po\u0161tovanjem i uz lijepe pozdrave,<\/p>\n\n\n\n<p>u ime Organizatora,<\/p>\n\n\n\n<p>doc.prim.dr.sc. Sanja Delin, dr.med., doc.dr.sc. Marina Vidakovi\u0107 i prim. Ana Sruk, dr.med.<\/p>\n\n\n\n<p>U privitku:<\/p>\n\n\n\n<ol>\n<li>Program sredi\u0161nje manifestacije obilje\u017eavanja Me\u0111unarodnog dana epilepsije i Nacionalnog dana oboljelih od epilepsije u Republici Hrvatskoj u Zadru<\/li>\n\n\n\n<li>Program hibridnog simpozija \u201e\u017divjeti s epilepsijom\u201c, koji je namijenjen osobama s epilepsijom i njihovim bli\u017enjima (osobito roditeljima i skrbnicima), zdravstvenim radnicima, studentima, zaposlenim u \u0161kolama i odgojnim ustanovama, kao i svim zainteresiranima za probleme osoba koje boluju od epilepsije (bodovan sukladno HLK, HKMS, HPK).&nbsp;<\/li>\n<\/ol>\n\n\n\n<p><strong>O\u010dekujemo Vas i veselimo se skora\u0161njem dru\u017eenju!<\/strong><\/p>\n\n\n<div class=\"wp-block-image\">\n<figure class=\"aligncenter\"><img decoding=\"async\" src=\"https:\/\/lh7-rt.googleusercontent.com\/docsz\/AD_4nXeO8NUcAlAW2fChcFTeBXwZtxKFJ9vLePBtN-ZI4pZ90_G9jGI_tugxraPInMGPyCoFMBdwqBINvbes_pRkSyOBCBMxXzXyMBBV9AoIXbquAGs5emk7cnxK0zCnl02_53EtqwV-XJuOhNSk4VB2lT0?key=C-p8Q54a19u5MXXJk1D-CL9A\" alt=\"\"\/><\/figure><\/div>\n\n\n<p><strong>ORGANIZATORI MANIFESTACIJE:<\/strong><\/p>\n\n\n\n<p><strong>Sveu\u010dili\u0161te u Zadru<\/strong><\/p>\n\n\n\n<p><strong>Op\u0107a bolnica Zadar<\/strong><\/p>\n\n\n\n<p>Hrvatska udruga za epilepsiju<\/p>\n\n\n\n<p>Hrvatska liga protiv epilepsije<\/p>\n\n\n\n<p>Referentni centar Ministarstva zdravstva Republike Hrvatske za epilepsiju, pridru\u017eeni ERN EpiCARE centar<\/p>\n\n\n\n<p>Referentni centar Ministarstva zdravstva Republike Hrvatske za preoperativnu obradu bolesnika s epilepsijom<\/p>\n\n\n\n<p>Referentni centar Ministarstva zdravstva za epilepsije i konvulzivne bolesti razvojne dobi<\/p>\n\n\n\n<p>Hrvatsko dru\u0161tvo za dje\u010dju neurologiju HLZ<\/p>\n\n\n\n<p>Hrvatsko dru\u0161tvo za EEG i klini\u010dku neurofiziologiju HLZ<\/p>\n\n\n\n<p>Odjel za dje\u010dju neurologiju Klinike za pedijatriju KBC Sestre milosrdnice, pridru\u017eeni ERN EpiCARE centar<\/p>\n\n\n\n<p>Dravet sindrom Hrvatska<\/p>\n\n\n\n<p><strong>POKROVITELJI MANIFESTACIJE:<\/strong>&nbsp;<\/p>\n\n\n\n<p>Predsjednik Republike Hrvatske<\/p>\n\n\n\n<p>Ministarstvo zdravstva Republike Hrvatske<\/p>\n\n\n\n<p>Zadarska \u017eupanija<\/p>\n\n\n\n<p>Grad Zadar<\/p>\n\n\n\n<p>Grad Biograd na Moru<\/p>\n","protected":false},"excerpt":{"rendered":"<p>Po\u0161tovani i dragi svi,&nbsp; velja\u010da je poseban mjesec u kojem obilje\u017eavamo dva zna\u010dajna datuma posve\u0107ena epilepsiji i podizanju svijesti o ovoj bolesti. Dana 10. velja\u010de (drugi ponedjeljak u velja\u010di) slavimo Me\u0111unarodni dan epilepsije, dok se 14. velja\u010de u Hrvatskoj obilje\u017eava Nacionalni dan oboljelih od epilepsije. Ove godine fokus nam je na pove\u0107anju znanja o epilepsiji &hellip; <a href=\"https:\/\/www.epilepsija.hr\/?p=3899\" class=\"more-link\">Nastavi \u010ditati <span class=\"screen-reader-text\">Poziv na obilje\u017eavanje Me\u0111unarodnog dana epilepsije i Nacionalnog dana oboljelih od epilepsije 2025. &#8211; Zadar, 10. velja\u010de 2025.<\/span> <span class=\"meta-nav\">&rarr;<\/span><\/a><\/p>\n","protected":false},"author":1,"featured_media":0,"comment_status":"closed","ping_status":"closed","sticky":false,"template":"","format":"standard","meta":{"footnotes":""},"categories":[1],"tags":[],"_links":{"self":[{"href":"https:\/\/www.epilepsija.hr\/index.php?rest_route=\/wp\/v2\/posts\/3899"}],"collection":[{"href":"https:\/\/www.epilepsija.hr\/index.php?rest_route=\/wp\/v2\/posts"}],"about":[{"href":"https:\/\/www.epilepsija.hr\/index.php?rest_route=\/wp\/v2\/types\/post"}],"author":[{"embeddable":true,"href":"https:\/\/www.epilepsija.hr\/index.php?rest_route=\/wp\/v2\/users\/1"}],"replies":[{"embeddable":true,"href":"https:\/\/www.epilepsija.hr\/index.php?rest_route=%2Fwp%2Fv2%2Fcomments&post=3899"}],"version-history":[{"count":1,"href":"https:\/\/www.epilepsija.hr\/index.php?rest_route=\/wp\/v2\/posts\/3899\/revisions"}],"predecessor-version":[{"id":3900,"href":"https:\/\/www.epilepsija.hr\/index.php?rest_route=\/wp\/v2\/posts\/3899\/revisions\/3900"}],"wp:attachment":[{"href":"https:\/\/www.epilepsija.hr\/index.php?rest_route=%2Fwp%2Fv2%2Fmedia&parent=3899"}],"wp:term":[{"taxonomy":"category","embeddable":true,"href":"https:\/\/www.epilepsija.hr\/index.php?rest_route=%2Fwp%2Fv2%2Fcategories&post=3899"},{"taxonomy":"post_tag","embeddable":true,"href":"https:\/\/www.epilepsija.hr\/index.php?rest_route=%2Fwp%2Fv2%2Ftags&post=3899"}],"curies":[{"name":"wp","href":"https:\/\/api.w.org\/{rel}","templated":true}]}}