{"id":3879,"date":"2025-01-25T19:53:31","date_gmt":"2025-01-25T18:53:31","guid":{"rendered":"https:\/\/www.epilepsija.hr\/?p=3879"},"modified":"2025-01-25T19:53:34","modified_gmt":"2025-01-25T18:53:34","slug":"50-milijuna-koraka-na-medvednici","status":"publish","type":"post","link":"https:\/\/www.epilepsija.hr\/?p=3879","title":{"rendered":"50 MILIJUNA KORAKA NA MEDVEDNICI"},"content":{"rendered":"<div class=\"wp-block-image\">\n<figure class=\"aligncenter size-large\"><img loading=\"lazy\" decoding=\"async\" width=\"1024\" height=\"577\" src=\"https:\/\/www.epilepsija.hr\/wp-content\/uploads\/viber_slika_2025-01-25_18-33-35-377-1024x577.jpg\" alt=\"\" class=\"wp-image-3880\" srcset=\"https:\/\/www.epilepsija.hr\/wp-content\/uploads\/viber_slika_2025-01-25_18-33-35-377-1024x577.jpg 1024w, https:\/\/www.epilepsija.hr\/wp-content\/uploads\/viber_slika_2025-01-25_18-33-35-377-300x169.jpg 300w, https:\/\/www.epilepsija.hr\/wp-content\/uploads\/viber_slika_2025-01-25_18-33-35-377-768x432.jpg 768w, https:\/\/www.epilepsija.hr\/wp-content\/uploads\/viber_slika_2025-01-25_18-33-35-377-1536x865.jpg 1536w, https:\/\/www.epilepsija.hr\/wp-content\/uploads\/viber_slika_2025-01-25_18-33-35-377.jpg 1600w\" sizes=\"(max-width: 1024px) 100vw, 1024px\" \/><\/figure><\/div>\n\n\n<p>Veliko hvala Planinarskom dru\u0161tvu  <a href=\"https:\/\/www.facebook.com\/PDIzletnik?__cft__[0]=AZUfC7BTKRDneeRXSr8ouzjmW_U20sPXKRS2CqWig1jCOdaXzkDy2-fNz50pZJxWLxJh9-72WOHMfkP6yX6Z22jPzdJv6b3L1aqHDvJz-rpAaeRRcHaBQzbvtRawtHAyog3ZCt0CqmO0ZJLQ15zOXfjmB1sGbEPb45CCrtNBwSNEJvHK0uRUoOahevzU1ElnB9o&amp;__tn__=-]K-R\">PD Izletnik<\/a> na sjajnoj organizaciji dana\u0161njeg dana i na\u0161e prve akcije &#8220;50 milijuna koraka&#8221;!<\/p>\n\n\n\n<p>Danas nam se pru\u017eila jedinstvena <a><\/a>prilika da kora\u010daju\u0107i \u0161irimo svijest o epilepsiji uz tjelovje\u017ebu i dru\u017eenje na svje\u017eem zraku. Od prvog koraka pa sve do cilja, svaki trenutak bio je ispunjen pozitivnom energijom i smijehom, a staza je bila izvrsno prilago\u0111ena svima. Obronci Medvednice pomazili su nas sun\u010devom svjetlo\u0161\u0107u i pru\u017eili savr\u0161enu kulisu za ovaj prekrasan zimski dan.<\/p>\n\n\n\n<p>Danas smo se pridru\u017eili milijunima ljudi koji diljem svijeta kora\u010daju i upisuju svoje korake u sklopu globalne kampanje solidarnosti. Svaki korak simbolizira podr\u0161ku osobama s epilepsijom i njihovim obiteljima.<\/p>\n\n\n\n<p>S nestrpljenjem i\u0161\u010dekujemo akciju \u201e50 milijuna koraka\u201c sljede\u0107e godine!<\/p>\n\n\n<div class=\"wp-block-image\">\n<figure class=\"aligncenter size-large\"><img loading=\"lazy\" decoding=\"async\" width=\"988\" height=\"1024\" src=\"https:\/\/www.epilepsija.hr\/wp-content\/uploads\/viber_slika_2025-01-25_18-33-35-529-988x1024.jpg\" alt=\"\" class=\"wp-image-3881\" srcset=\"https:\/\/www.epilepsija.hr\/wp-content\/uploads\/viber_slika_2025-01-25_18-33-35-529-988x1024.jpg 988w, https:\/\/www.epilepsija.hr\/wp-content\/uploads\/viber_slika_2025-01-25_18-33-35-529-290x300.jpg 290w, https:\/\/www.epilepsija.hr\/wp-content\/uploads\/viber_slika_2025-01-25_18-33-35-529-768x796.jpg 768w, https:\/\/www.epilepsija.hr\/wp-content\/uploads\/viber_slika_2025-01-25_18-33-35-529-1482x1536.jpg 1482w, https:\/\/www.epilepsija.hr\/wp-content\/uploads\/viber_slika_2025-01-25_18-33-35-529.jpg 1544w\" sizes=\"(max-width: 988px) 100vw, 988px\" \/><\/figure><\/div>\n\n<div class=\"wp-block-image\">\n<figure class=\"aligncenter size-large\"><img loading=\"lazy\" decoding=\"async\" width=\"768\" height=\"1024\" src=\"https:\/\/www.epilepsija.hr\/wp-content\/uploads\/viber_slika_2025-01-25_18-33-35-482-768x1024.jpg\" alt=\"\" class=\"wp-image-3882\" srcset=\"https:\/\/www.epilepsija.hr\/wp-content\/uploads\/viber_slika_2025-01-25_18-33-35-482-768x1024.jpg 768w, https:\/\/www.epilepsija.hr\/wp-content\/uploads\/viber_slika_2025-01-25_18-33-35-482-225x300.jpg 225w, https:\/\/www.epilepsija.hr\/wp-content\/uploads\/viber_slika_2025-01-25_18-33-35-482-1152x1536.jpg 1152w, https:\/\/www.epilepsija.hr\/wp-content\/uploads\/viber_slika_2025-01-25_18-33-35-482.jpg 1200w\" sizes=\"(max-width: 768px) 100vw, 768px\" \/><\/figure><\/div>","protected":false},"excerpt":{"rendered":"<p>Veliko hvala Planinarskom dru\u0161tvu PD Izletnik na sjajnoj organizaciji dana\u0161njeg dana i na\u0161e prve akcije &#8220;50 milijuna koraka&#8221;! Danas nam se pru\u017eila jedinstvena prilika da kora\u010daju\u0107i \u0161irimo svijest o epilepsiji uz tjelovje\u017ebu i dru\u017eenje na svje\u017eem zraku. Od prvog koraka pa sve do cilja, svaki trenutak bio je ispunjen pozitivnom energijom i smijehom, a staza &hellip; <a href=\"https:\/\/www.epilepsija.hr\/?p=3879\" class=\"more-link\">Nastavi \u010ditati <span class=\"screen-reader-text\">50 MILIJUNA KORAKA NA MEDVEDNICI<\/span> <span class=\"meta-nav\">&rarr;<\/span><\/a><\/p>\n","protected":false},"author":1,"featured_media":0,"comment_status":"closed","ping_status":"closed","sticky":false,"template":"","format":"standard","meta":{"footnotes":""},"categories":[1],"tags":[],"_links":{"self":[{"href":"https:\/\/www.epilepsija.hr\/index.php?rest_route=\/wp\/v2\/posts\/3879"}],"collection":[{"href":"https:\/\/www.epilepsija.hr\/index.php?rest_route=\/wp\/v2\/posts"}],"about":[{"href":"https:\/\/www.epilepsija.hr\/index.php?rest_route=\/wp\/v2\/types\/post"}],"author":[{"embeddable":true,"href":"https:\/\/www.epilepsija.hr\/index.php?rest_route=\/wp\/v2\/users\/1"}],"replies":[{"embeddable":true,"href":"https:\/\/www.epilepsija.hr\/index.php?rest_route=%2Fwp%2Fv2%2Fcomments&post=3879"}],"version-history":[{"count":1,"href":"https:\/\/www.epilepsija.hr\/index.php?rest_route=\/wp\/v2\/posts\/3879\/revisions"}],"predecessor-version":[{"id":3883,"href":"https:\/\/www.epilepsija.hr\/index.php?rest_route=\/wp\/v2\/posts\/3879\/revisions\/3883"}],"wp:attachment":[{"href":"https:\/\/www.epilepsija.hr\/index.php?rest_route=%2Fwp%2Fv2%2Fmedia&parent=3879"}],"wp:term":[{"taxonomy":"category","embeddable":true,"href":"https:\/\/www.epilepsija.hr\/index.php?rest_route=%2Fwp%2Fv2%2Fcategories&post=3879"},{"taxonomy":"post_tag","embeddable":true,"href":"https:\/\/www.epilepsija.hr\/index.php?rest_route=%2Fwp%2Fv2%2Ftags&post=3879"}],"curies":[{"name":"wp","href":"https:\/\/api.w.org\/{rel}","templated":true}]}}