{"id":3872,"date":"2025-01-11T10:15:01","date_gmt":"2025-01-11T09:15:01","guid":{"rendered":"https:\/\/www.epilepsija.hr\/?p=3872"},"modified":"2025-01-31T14:28:31","modified_gmt":"2025-01-31T13:28:31","slug":"osvijetlimo-epilepsiju-u-ponedjeljak-12-veljace-2024-2","status":"publish","type":"post","link":"https:\/\/www.epilepsija.hr\/?p=3872","title":{"rendered":"OSVIJETLIMO EPILEPSIJU U PONEDJELJAK, 10. VELJA\u010cE 2025.!"},"content":{"rendered":"\n<p><\/p>\n\n\n\n<p>Povodom Me\u0111unarodnog dana epilepsije i Nacionalnog dana oboljelih od epilepsije, pozivamo vas da zajedno upalimo svjetla za epilepsiju!<\/p>\n\n\n\n<p>Pro\u0161le godine, \u010dak <strong>27 ve\u0107ih hrvatskih gradova<\/strong> osvijetlilo je svoje znamenitosti i poznate gra\u0111evine ljubi\u010dastom bojom \u2013 bojom podr\u0161ke osobama s epilepsijom. Zahvaljuju\u0107i va\u0161em anga\u017emanu i zajedni\u010dkoj energiji, odaslana je sna\u017ena poruka solidarnosti i podizanja svijesti o epilepsiji.<\/p>\n\n\n\n<p>Ove godine \u017eelimo i\u0107i korak dalje \u2013 uklju\u010diti jo\u0161 vi\u0161e gradova, osvijetliti jo\u0161 vi\u0161e znamenitosti i jo\u0161 sna\u017enije odjeknuti u javnosti. U ponedjeljak, <strong>10. velja\u010de 2025.<\/strong>, obilje\u017eimo ovaj va\u017ean dan zajedno i poka\u017eimo da osobe s epilepsijom nisu same!<\/p>\n\n\n\n<p>\ud83d\udc9c <strong>Kako se uklju\u010diti?<\/strong><\/p>\n\n\n\n<ul>\n<li>Kontaktirajte lokalne vlasti ili institucije u svom gradu i predlo\u017eite osvjetljavanje znamenitosti ljubi\u010dastom bojom.<\/li>\n\n\n\n<li>Fotografirajte osvijetljene znamenitosti i podijelite ih na dru\u0161tvenim mre\u017eama uz hashtagove <strong>#OsvijetlimoEpilepsiju<\/strong> i <strong>#EpilepsyDay<\/strong>.<\/li>\n\n\n\n<li>Organizirajte lokalne inicijative i doga\u0111aje podr\u0161ke osobama s epilepsijom.<\/li>\n<\/ul>\n\n\n\n<p>Zajedno mo\u017eemo napraviti razliku i osvijetliti Hrvatsku za sve one koji \u017eive s epilepsijom!<\/p>\n\n\n\n<p>Vidimo se pod ljubi\u010dastim svjetlom 10. velja\u010de! \ud83d\udc9c<\/p>\n\n\n<div class=\"wp-block-image\">\n<figure class=\"aligncenter size-full\"><img loading=\"lazy\" decoding=\"async\" width=\"965\" height=\"686\" src=\"https:\/\/www.epilepsija.hr\/wp-content\/uploads\/Osvijetlimo-epilepsiju-2025.-najava.jpg\" alt=\"\" class=\"wp-image-3873\" srcset=\"https:\/\/www.epilepsija.hr\/wp-content\/uploads\/Osvijetlimo-epilepsiju-2025.-najava.jpg 965w, https:\/\/www.epilepsija.hr\/wp-content\/uploads\/Osvijetlimo-epilepsiju-2025.-najava-300x213.jpg 300w, https:\/\/www.epilepsija.hr\/wp-content\/uploads\/Osvijetlimo-epilepsiju-2025.-najava-768x546.jpg 768w\" sizes=\"(max-width: 965px) 100vw, 965px\" \/><\/figure><\/div>","protected":false},"excerpt":{"rendered":"<p>Povodom Me\u0111unarodnog dana epilepsije i Nacionalnog dana oboljelih od epilepsije, pozivamo vas da zajedno upalimo svjetla za epilepsiju! Pro\u0161le godine, \u010dak 27 ve\u0107ih hrvatskih gradova osvijetlilo je svoje znamenitosti i poznate gra\u0111evine ljubi\u010dastom bojom \u2013 bojom podr\u0161ke osobama s epilepsijom. Zahvaljuju\u0107i va\u0161em anga\u017emanu i zajedni\u010dkoj energiji, odaslana je sna\u017ena poruka solidarnosti i podizanja svijesti o &hellip; <a href=\"https:\/\/www.epilepsija.hr\/?p=3872\" class=\"more-link\">Nastavi \u010ditati <span class=\"screen-reader-text\">OSVIJETLIMO EPILEPSIJU U PONEDJELJAK, 10. VELJA\u010cE 2025.!<\/span> <span class=\"meta-nav\">&rarr;<\/span><\/a><\/p>\n","protected":false},"author":1,"featured_media":0,"comment_status":"closed","ping_status":"closed","sticky":false,"template":"","format":"standard","meta":{"footnotes":""},"categories":[1],"tags":[],"_links":{"self":[{"href":"https:\/\/www.epilepsija.hr\/index.php?rest_route=\/wp\/v2\/posts\/3872"}],"collection":[{"href":"https:\/\/www.epilepsija.hr\/index.php?rest_route=\/wp\/v2\/posts"}],"about":[{"href":"https:\/\/www.epilepsija.hr\/index.php?rest_route=\/wp\/v2\/types\/post"}],"author":[{"embeddable":true,"href":"https:\/\/www.epilepsija.hr\/index.php?rest_route=\/wp\/v2\/users\/1"}],"replies":[{"embeddable":true,"href":"https:\/\/www.epilepsija.hr\/index.php?rest_route=%2Fwp%2Fv2%2Fcomments&post=3872"}],"version-history":[{"count":3,"href":"https:\/\/www.epilepsija.hr\/index.php?rest_route=\/wp\/v2\/posts\/3872\/revisions"}],"predecessor-version":[{"id":3898,"href":"https:\/\/www.epilepsija.hr\/index.php?rest_route=\/wp\/v2\/posts\/3872\/revisions\/3898"}],"wp:attachment":[{"href":"https:\/\/www.epilepsija.hr\/index.php?rest_route=%2Fwp%2Fv2%2Fmedia&parent=3872"}],"wp:term":[{"taxonomy":"category","embeddable":true,"href":"https:\/\/www.epilepsija.hr\/index.php?rest_route=%2Fwp%2Fv2%2Fcategories&post=3872"},{"taxonomy":"post_tag","embeddable":true,"href":"https:\/\/www.epilepsija.hr\/index.php?rest_route=%2Fwp%2Fv2%2Ftags&post=3872"}],"curies":[{"name":"wp","href":"https:\/\/api.w.org\/{rel}","templated":true}]}}