{"id":3866,"date":"2025-01-01T17:15:39","date_gmt":"2025-01-01T16:15:39","guid":{"rendered":"https:\/\/www.epilepsija.hr\/?p=3866"},"modified":"2025-01-01T17:15:41","modified_gmt":"2025-01-01T16:15:41","slug":"50-milijuna-koraka-za-epilepsiju-koracajmo-ponovno-protiv-stigme-ususret-medunarodnom-danu-epilepsije-2025","status":"publish","type":"post","link":"https:\/\/www.epilepsija.hr\/?p=3866","title":{"rendered":"50 MILIJUNA KORAKA ZA EPILEPSIJU \u2013 KORA\u010cAJMO  PONOVNO PROTIV STIGME USUSRET ME\u0110UNARODNOM DANU EPILEPSIJE 2025."},"content":{"rendered":"<div class=\"wp-block-image\">\n<figure class=\"aligncenter size-full is-resized\"><img loading=\"lazy\" decoding=\"async\" width=\"851\" height=\"315\" src=\"https:\/\/www.epilepsija.hr\/wp-content\/uploads\/image-40.png\" alt=\"\" class=\"wp-image-3867\" style=\"width:543px;height:auto\" srcset=\"https:\/\/www.epilepsija.hr\/wp-content\/uploads\/image-40.png 851w, https:\/\/www.epilepsija.hr\/wp-content\/uploads\/image-40-300x111.png 300w, https:\/\/www.epilepsija.hr\/wp-content\/uploads\/image-40-768x284.png 768w\" sizes=\"(max-width: 851px) 100vw, 851px\" \/><\/figure><\/div>\n\n\n<p>Pripremite se za zajedni\u010dko kora\u010danje protiv stigme vezane uz epilepsiju uz ponovni izazov #50MillionSteps &#8211; #50MilijunaKoraka. <\/p>\n\n\n\n<p>Pridru\u017eite nam se od 6. sije\u010dnja do 10. velja\u010de 2025.g. dok hodamo, tr\u010dimo ili \u010dak ple\u0161emo na putu do postizanja na\u0161eg cilja hodanja od 50 milijuna koraka za svaku osobu pogo\u0111enu epilepsijom diljem svijeta.<\/p>\n\n\n\n<p>U skladu sa sveobuhvatnim ciljem Me\u0111unarodnog dana epilepsije #EpilepsyDay, kampanja nastoji podi\u0107i svjesnost, razbiti mitove i pobolj\u0161ati razinu znanja o epilepsiji. Obje kampanje imaju za cilj izgraditi informiraniju globalnu zajednicu koja pru\u017ea vi\u0161e podr\u0161ke.<\/p>\n\n\n\n<p><strong>Broj koraka koje smo ostvarili prethodnih godina prema\u0161io je sve ciljeva i o\u010dekivanja!<\/strong><\/p>\n\n\n\n<p>U nadolaze\u0107oj godini \u017eelimo posti\u0107i jo\u0161 vi\u0161e!<\/p>\n\n\n\n<p><strong>Vi\u0161e koraka. Vi\u0161e svjesnosti. Jo\u0161 pobolj\u0161anih \u017eivota.<\/strong><\/p>\n\n\n\n<p>A na\u0161 cilj mo\u017eemo posti\u0107i samo uz va\u0161u pomo\u0107!<\/p>\n\n\n\n<p><strong>Kako sudjelovati?<\/strong><\/p>\n\n\n\n<p>Pridru\u017eiti se kampanji je jednostavno! Sve \u0161to trebate u\u010diniti je brojati korake dok hodate. Zatim zabilje\u017eite svoje korake na broja\u010du koraka na adresi <a href=\"http:\/\/www.50millionsteps.org.#\"><strong>www.50millionsteps.org.<\/strong><\/a>\u00a0\u00a0<\/p>\n\n\n\n<p>Imajte na umu da se ne morate ograni\u010diti na hodanje. U kampanji #50MillionSteps ne postoji jedinstveni pristup sudjelovanju. Zato pustite ma\u0161ti na volju i budite kreativni sa svojim koracima! <\/p>\n\n\n\n<p>\ud83d\udeb4\u200d\u2642\ufe0fBiciklizam: pedalirajte do na\u0161eg cilja! Bilo da se radi o le\u017eernoj vo\u017enji ili uzbudljivoj vo\u017enji biciklom, zabilje\u017eite te biciklisti\u010dke milje! <\/p>\n\n\n\n<p>\ud83d\udd7aIsple\u0161ite iz srca: poja\u010dajte glazbu i otple\u0161ite prema #50MillionSteps. Za\u0161to ne organizirati dobrotvorni ples gdje sudionici mogu zabilje\u017eiti svoje plesne sesije kao korake? <\/p>\n\n\n\n<p>\ud83e\uddd8\u200d\u2640\ufe0fKorak i istezanje: Kombinirajte svoju redovitu jogu, pilates ili Tai Chi rutinu sa svojim dnevnim koracima. Mo\u017eda svjesna \u0161etnja do mirnog vanjskog mjesta za vje\u017ebanje joge ili uklju\u010divanje koraka u zagrijavanje i hla\u0111enje. <\/p>\n\n\n\n<p>\ud83c\udfca\u200d\u2642\ufe0f Preplivaj udaljenost Ako volite vodu, svaki krug u bazenu dodaje se na\u0161em kona\u010dnom broju koraka. <\/p>\n\n\n\n<p>\u26f7\ufe0fSkijanje ili Snowboard: Prihvatite zimsku zemlju \u010dudesa i pretvorite svoje snje\u017ene avanture u korake. <\/p>\n\n\n\n<p>Koju god aktivnost da odaberete, \u017eelimo vidjeti i \u010duti o njoj! Svakako upotrijebite hashtag #50 MillionSteps na svojim dru\u0161tvenim mre\u017eama i podijelite svoje slike s nama!<\/p>\n\n\n\n<p><strong>Preporu\u010dujemo da bilje\u017eite svoje korake ili na kraju svakog dana ili kumulativno na kraju tjedna kako bismo mogli zajedno pratiti ukupni napredak i ozna\u010diti klju\u010dne prekretnice na na\u0161em putu.<\/strong><\/p>\n\n\n\n<p>Ukupni broj koraka bit \u0107e otkriven 10. velja\u010de, na Me\u0111unarodni dan epilepsije!<\/p>\n\n\n<div class=\"wp-block-image\">\n<figure class=\"aligncenter size-large\"><img loading=\"lazy\" decoding=\"async\" width=\"1024\" height=\"1024\" src=\"https:\/\/www.epilepsija.hr\/wp-content\/uploads\/FB-family_walk-1024x1024.png\" alt=\"\" class=\"wp-image-3869\" srcset=\"https:\/\/www.epilepsija.hr\/wp-content\/uploads\/FB-family_walk-1024x1024.png 1024w, https:\/\/www.epilepsija.hr\/wp-content\/uploads\/FB-family_walk-300x300.png 300w, https:\/\/www.epilepsija.hr\/wp-content\/uploads\/FB-family_walk-150x150.png 150w, https:\/\/www.epilepsija.hr\/wp-content\/uploads\/FB-family_walk-768x768.png 768w, https:\/\/www.epilepsija.hr\/wp-content\/uploads\/FB-family_walk.png 1080w\" sizes=\"(max-width: 1024px) 100vw, 1024px\" \/><\/figure><\/div>","protected":false},"excerpt":{"rendered":"<p>Pripremite se za zajedni\u010dko kora\u010danje protiv stigme vezane uz epilepsiju uz ponovni izazov #50MillionSteps &#8211; #50MilijunaKoraka. Pridru\u017eite nam se od 6. sije\u010dnja do 10. velja\u010de 2025.g. dok hodamo, tr\u010dimo ili \u010dak ple\u0161emo na putu do postizanja na\u0161eg cilja hodanja od 50 milijuna koraka za svaku osobu pogo\u0111enu epilepsijom diljem svijeta. U skladu sa sveobuhvatnim ciljem &hellip; <a href=\"https:\/\/www.epilepsija.hr\/?p=3866\" class=\"more-link\">Nastavi \u010ditati <span class=\"screen-reader-text\">50 MILIJUNA KORAKA ZA EPILEPSIJU \u2013 KORA\u010cAJMO  PONOVNO PROTIV STIGME USUSRET ME\u0110UNARODNOM DANU EPILEPSIJE 2025.<\/span> <span class=\"meta-nav\">&rarr;<\/span><\/a><\/p>\n","protected":false},"author":1,"featured_media":0,"comment_status":"closed","ping_status":"closed","sticky":false,"template":"","format":"standard","meta":{"footnotes":""},"categories":[1],"tags":[],"_links":{"self":[{"href":"https:\/\/www.epilepsija.hr\/index.php?rest_route=\/wp\/v2\/posts\/3866"}],"collection":[{"href":"https:\/\/www.epilepsija.hr\/index.php?rest_route=\/wp\/v2\/posts"}],"about":[{"href":"https:\/\/www.epilepsija.hr\/index.php?rest_route=\/wp\/v2\/types\/post"}],"author":[{"embeddable":true,"href":"https:\/\/www.epilepsija.hr\/index.php?rest_route=\/wp\/v2\/users\/1"}],"replies":[{"embeddable":true,"href":"https:\/\/www.epilepsija.hr\/index.php?rest_route=%2Fwp%2Fv2%2Fcomments&post=3866"}],"version-history":[{"count":1,"href":"https:\/\/www.epilepsija.hr\/index.php?rest_route=\/wp\/v2\/posts\/3866\/revisions"}],"predecessor-version":[{"id":3870,"href":"https:\/\/www.epilepsija.hr\/index.php?rest_route=\/wp\/v2\/posts\/3866\/revisions\/3870"}],"wp:attachment":[{"href":"https:\/\/www.epilepsija.hr\/index.php?rest_route=%2Fwp%2Fv2%2Fmedia&parent=3866"}],"wp:term":[{"taxonomy":"category","embeddable":true,"href":"https:\/\/www.epilepsija.hr\/index.php?rest_route=%2Fwp%2Fv2%2Fcategories&post=3866"},{"taxonomy":"post_tag","embeddable":true,"href":"https:\/\/www.epilepsija.hr\/index.php?rest_route=%2Fwp%2Fv2%2Ftags&post=3866"}],"curies":[{"name":"wp","href":"https:\/\/api.w.org\/{rel}","templated":true}]}}