{"id":3809,"date":"2024-06-02T21:14:22","date_gmt":"2024-06-02T20:14:22","guid":{"rendered":"https:\/\/www.epilepsija.hr\/?p=3809"},"modified":"2024-06-10T13:56:14","modified_gmt":"2024-06-10T12:56:14","slug":"nasi-ljubicasti-razgovori-2","status":"publish","type":"post","link":"https:\/\/www.epilepsija.hr\/?p=3809","title":{"rendered":"NA\u0160I LJUBI\u010cASTI RAZGOVORI- 12.06.2024."},"content":{"rendered":"\n<p>Ponekad je najve\u0107a podr\u0161ka ona koja dolazi od ljudi koji prolaze kroz iste izazove. Zato \u017eelimo naglasiti va\u017enost grupa samopodr\u0161ke za osobe s epilepsijom. \ud83c\udf1f<\/p>\n\n\n\n<p>U ovim grupama, mo\u017eemo podijeliti svoja iskustva, nau\u010diti od drugih, pru\u017eiti podr\u0161ku i osna\u017eiti jedni druge. Zajedno, mo\u017eemo ru\u0161iti predrasude, educirati druge i osje\u0107ati se manje sami u na\u0161im izazovima.<\/p>\n\n\n\n<p>Nemojte oklijevati pridru\u017eiti se grupi samopodr\u0161ke koju \u0107e ispred Hrvatske udruge za epilepsiju voditi Pamela Pipan. Jer zajedno, mo\u017eemo ostvariti mnogo vi\u0161e nego \u0161to to mo\u017eemo sami. \ud83d\udcaa \ud83d\udc9c<\/p>\n\n\n\n<p>Priklju\u010di se putem Zoom platforme na sljede\u0107oj poveznici:\u00a0<a href=\"https:\/\/us02web.zoom.us\/j\/84660098782?pwd=f3i8fzVxdTHTUdwINEOdRGLnoSlv7D.1\">https:\/\/us02web.zoom.us\/j\/84660098782?pwd=f3i8fzVxdTHTUdwINEOdRGLnoSlv7D.1<\/a><\/p>\n\n\n<div class=\"wp-block-image\">\n<figure class=\"aligncenter size-large\"><img loading=\"lazy\" decoding=\"async\" width=\"1024\" height=\"576\" src=\"https:\/\/www.epilepsija.hr\/wp-content\/uploads\/Nasi-Ljubicasti-razgovori-IV-1024x576.jpg\" alt=\"\" class=\"wp-image-3816\" srcset=\"https:\/\/www.epilepsija.hr\/wp-content\/uploads\/Nasi-Ljubicasti-razgovori-IV-1024x576.jpg 1024w, https:\/\/www.epilepsija.hr\/wp-content\/uploads\/Nasi-Ljubicasti-razgovori-IV-300x169.jpg 300w, https:\/\/www.epilepsija.hr\/wp-content\/uploads\/Nasi-Ljubicasti-razgovori-IV-768x432.jpg 768w, https:\/\/www.epilepsija.hr\/wp-content\/uploads\/Nasi-Ljubicasti-razgovori-IV.jpg 1280w\" sizes=\"(max-width: 1024px) 100vw, 1024px\" \/><\/figure><\/div>","protected":false},"excerpt":{"rendered":"<p>Ponekad je najve\u0107a podr\u0161ka ona koja dolazi od ljudi koji prolaze kroz iste izazove. Zato \u017eelimo naglasiti va\u017enost grupa samopodr\u0161ke za osobe s epilepsijom. \ud83c\udf1f U ovim grupama, mo\u017eemo podijeliti svoja iskustva, nau\u010diti od drugih, pru\u017eiti podr\u0161ku i osna\u017eiti jedni druge. Zajedno, mo\u017eemo ru\u0161iti predrasude, educirati druge i osje\u0107ati se manje sami u na\u0161im izazovima. &hellip; <a href=\"https:\/\/www.epilepsija.hr\/?p=3809\" class=\"more-link\">Nastavi \u010ditati <span class=\"screen-reader-text\">NA\u0160I LJUBI\u010cASTI RAZGOVORI- 12.06.2024.<\/span> <span class=\"meta-nav\">&rarr;<\/span><\/a><\/p>\n","protected":false},"author":1,"featured_media":0,"comment_status":"closed","ping_status":"closed","sticky":false,"template":"","format":"standard","meta":{"footnotes":""},"categories":[1],"tags":[],"_links":{"self":[{"href":"https:\/\/www.epilepsija.hr\/index.php?rest_route=\/wp\/v2\/posts\/3809"}],"collection":[{"href":"https:\/\/www.epilepsija.hr\/index.php?rest_route=\/wp\/v2\/posts"}],"about":[{"href":"https:\/\/www.epilepsija.hr\/index.php?rest_route=\/wp\/v2\/types\/post"}],"author":[{"embeddable":true,"href":"https:\/\/www.epilepsija.hr\/index.php?rest_route=\/wp\/v2\/users\/1"}],"replies":[{"embeddable":true,"href":"https:\/\/www.epilepsija.hr\/index.php?rest_route=%2Fwp%2Fv2%2Fcomments&post=3809"}],"version-history":[{"count":4,"href":"https:\/\/www.epilepsija.hr\/index.php?rest_route=\/wp\/v2\/posts\/3809\/revisions"}],"predecessor-version":[{"id":3818,"href":"https:\/\/www.epilepsija.hr\/index.php?rest_route=\/wp\/v2\/posts\/3809\/revisions\/3818"}],"wp:attachment":[{"href":"https:\/\/www.epilepsija.hr\/index.php?rest_route=%2Fwp%2Fv2%2Fmedia&parent=3809"}],"wp:term":[{"taxonomy":"category","embeddable":true,"href":"https:\/\/www.epilepsija.hr\/index.php?rest_route=%2Fwp%2Fv2%2Fcategories&post=3809"},{"taxonomy":"post_tag","embeddable":true,"href":"https:\/\/www.epilepsija.hr\/index.php?rest_route=%2Fwp%2Fv2%2Ftags&post=3809"}],"curies":[{"name":"wp","href":"https:\/\/api.w.org\/{rel}","templated":true}]}}