{"id":3795,"date":"2024-03-20T02:01:14","date_gmt":"2024-03-20T01:01:14","guid":{"rendered":"https:\/\/www.epilepsija.hr\/?p=3795"},"modified":"2024-03-20T02:01:17","modified_gmt":"2024-03-20T01:01:17","slug":"bicikliraj-za-epilepsiju-2024","status":"publish","type":"post","link":"https:\/\/www.epilepsija.hr\/?p=3795","title":{"rendered":"BICIKLIRAJ ZA EPILEPSIJU 2024."},"content":{"rendered":"\n<p>Po\u0161tovani i dragi svi,<\/p>\n\n\n<div class=\"wp-block-image\">\n<figure class=\"aligncenter\"><img decoding=\"async\" src=\"https:\/\/lh7-us.googleusercontent.com\/eiLceuutISKtQP3ONOvA6Ke6opDVO0rOnlCOUcsRxQ8GOaVJnJpU-CEG0oA0F8I6CipYTyJ-iQWWhV7VE-vpGL_P-hBYdSd2hetoP6c46Yuqy2dzlPlzDljlwvBuzAQa7c_rojs4IOUKozEams6gZw\" alt=\"\"\/><\/figure><\/div>\n\n\n<p>posebno nam je zadovoljstvo pozvati Vas na sudjelovanje u tradicionalnoj manifestaciji \u201eBicikliraj za epilepsiju!\u201c koja \u0107e se odr\u017eati u nedjelju, <strong>24. o\u017eujka 2024. godine<\/strong>, povodom obilje\u017eavanja Ljubi\u010dastog dana \u2013 dana podr\u0161ke osobama s epilepsijom.<\/p>\n\n\n\n<p>U razdoblju od <strong>11:00 do 14:00 sati<\/strong> prigodno \u0107emo se okupiti na <strong>Europskom trgu u Zagrebu<\/strong>, uz \u0161tand s edukacijskim i promotivnim materijalima. U 11:30 \u0107e Ljubi\u010dastu himnu izvesti djeca s epilepsijom i Glazbena \u0161kola El Musicante uz pu\u0161tanje ljubi\u010dastih balona. U 12:00 sati po\u010dinje povorka biciklista koja \u0107e se kretati sljede\u0107om rutom: Europski trg &#8211; Vla\u0161ka ulica &#8211; Palmoti\u0107eva ulica &#8211; Bo\u0161kovi\u0107eva ulica &#8211; Hebrangova ulica &#8211; Trg Republike Hrvatske &#8211; Masarykova ulica &#8211; Ulica Nikole Tesle &#8211; Zrinjevac &#8211; Trg Josipa Jurja Strossmayera (isto\u010dna strana) &#8211; Ulica Pavla Hatza &#8211; Dra\u0161kovi\u0107eva ulica \u2013 \u0160o\u0161tari\u0107eva ulica \u2013 Trg Josipa Langa \u2013 Branjugova ulica \u2013 Vla\u0161ka ulica &#8211; Europski trg.&nbsp; U 12:40 sati \u0107e se odr\u017eati prigodni, popratni plesni program &#8211; Zumba\u00ae Master Class.<\/p>\n\n\n\n<p>Posebna nam je \u010dast i zadovoljstvo \u0161to se ovogodi\u0161nja manifestacija odvija pod pokroviteljstvom Predsjednika Republike Hrvatske, Ministarstva zdravstva Republike Hrvatske i&nbsp; Gradona\u010delnika Grada Zagreba, \u010dime je manifestacija stavljena na razinu javnozdravstvene akcije od nacionalne vrijednosti.<\/p>\n\n\n\n<p>Pozivamo Vas da nam se pridru\u017eite, odjenete i\/ili ponesete neki predmet ljubi\u010daste boje u znak podr\u0161ke osobama s epilepsijom, a mi \u0107emo na \u0161tandu dijeliti majice, bed\u017eeve, narukvice i druge prigodne ljubi\u010daste materijale. Zajedno mo\u017eemo bolje i uspje\u0161nije \u0161iriti znanje i svjesnost o epilepsiji te ru\u0161iti predrasude!<\/p>\n\n\n\n<p>Zahvaljujemo svim donatorima i sponzorima bez kojih na\u0161e vi\u0161egodi\u0161nje djelovanje i prepoznatljivi projekti od javno-zdravstvene va\u017enosti ne bi bili mogu\u0107i niti ostvarivi.<\/p>\n\n\n\n<p>Veselimo se skorom dru\u017eenju na Europskom trgu u Zagrebu!<\/p>\n\n\n<div class=\"wp-block-image\">\n<figure class=\"aligncenter size-full\"><img loading=\"lazy\" decoding=\"async\" width=\"800\" height=\"619\" src=\"https:\/\/www.epilepsija.hr\/wp-content\/uploads\/PD-logo.png\" alt=\"\" class=\"wp-image-3796\" srcset=\"https:\/\/www.epilepsija.hr\/wp-content\/uploads\/PD-logo.png 800w, https:\/\/www.epilepsija.hr\/wp-content\/uploads\/PD-logo-300x232.png 300w, https:\/\/www.epilepsija.hr\/wp-content\/uploads\/PD-logo-768x594.png 768w\" sizes=\"(max-width: 800px) 100vw, 800px\" \/><\/figure><\/div>\n\n\n<p>ORGANIZATORI MANIFESTACIJE:<\/p>\n\n\n\n<p>Hrvatska udruga za epilepsiju<\/p>\n\n\n\n<p>Hrvatska liga protiv epilepsije<\/p>\n\n\n\n<p>Referentni centar Ministarstva zdravstva Republike Hrvatske za epilepsiju, pridru\u017eeni ERN EpiCARE centar<\/p>\n\n\n\n<p>Referentni centar Ministarstva zdravstva Republike Hrvatske za preoperativnu obradu bolesnika s epilepsijom<\/p>\n\n\n\n<p>Referentni centar Ministarstva zdravstva za epilepsije i konvulzivne bolesti razvojne dobi<\/p>\n\n\n\n<p>Hrvatsko dru\u0161tvo za dje\u010dju neurologiju HLZ<\/p>\n\n\n\n<p>Hrvatsko dru\u0161tvo za EEG i klini\u010dku neurofiziologiju HLZ<\/p>\n\n\n\n<p>Odjel za dje\u010dju neurologiju Klinike za pedijatriju KBC Sestre milosrdnice, pridru\u017eeni ERN EpiCARE centar<\/p>\n\n\n\n<p>Dravet sindrom Hrvatska<\/p>\n","protected":false},"excerpt":{"rendered":"<p>Po\u0161tovani i dragi svi, posebno nam je zadovoljstvo pozvati Vas na sudjelovanje u tradicionalnoj manifestaciji \u201eBicikliraj za epilepsiju!\u201c koja \u0107e se odr\u017eati u nedjelju, 24. o\u017eujka 2024. godine, povodom obilje\u017eavanja Ljubi\u010dastog dana \u2013 dana podr\u0161ke osobama s epilepsijom. U razdoblju od 11:00 do 14:00 sati prigodno \u0107emo se okupiti na Europskom trgu u Zagrebu, uz &hellip; <a href=\"https:\/\/www.epilepsija.hr\/?p=3795\" class=\"more-link\">Nastavi \u010ditati <span class=\"screen-reader-text\">BICIKLIRAJ ZA EPILEPSIJU 2024.<\/span> <span class=\"meta-nav\">&rarr;<\/span><\/a><\/p>\n","protected":false},"author":1,"featured_media":0,"comment_status":"closed","ping_status":"closed","sticky":false,"template":"","format":"standard","meta":{"footnotes":""},"categories":[1],"tags":[],"_links":{"self":[{"href":"https:\/\/www.epilepsija.hr\/index.php?rest_route=\/wp\/v2\/posts\/3795"}],"collection":[{"href":"https:\/\/www.epilepsija.hr\/index.php?rest_route=\/wp\/v2\/posts"}],"about":[{"href":"https:\/\/www.epilepsija.hr\/index.php?rest_route=\/wp\/v2\/types\/post"}],"author":[{"embeddable":true,"href":"https:\/\/www.epilepsija.hr\/index.php?rest_route=\/wp\/v2\/users\/1"}],"replies":[{"embeddable":true,"href":"https:\/\/www.epilepsija.hr\/index.php?rest_route=%2Fwp%2Fv2%2Fcomments&post=3795"}],"version-history":[{"count":1,"href":"https:\/\/www.epilepsija.hr\/index.php?rest_route=\/wp\/v2\/posts\/3795\/revisions"}],"predecessor-version":[{"id":3797,"href":"https:\/\/www.epilepsija.hr\/index.php?rest_route=\/wp\/v2\/posts\/3795\/revisions\/3797"}],"wp:attachment":[{"href":"https:\/\/www.epilepsija.hr\/index.php?rest_route=%2Fwp%2Fv2%2Fmedia&parent=3795"}],"wp:term":[{"taxonomy":"category","embeddable":true,"href":"https:\/\/www.epilepsija.hr\/index.php?rest_route=%2Fwp%2Fv2%2Fcategories&post=3795"},{"taxonomy":"post_tag","embeddable":true,"href":"https:\/\/www.epilepsija.hr\/index.php?rest_route=%2Fwp%2Fv2%2Ftags&post=3795"}],"curies":[{"name":"wp","href":"https:\/\/api.w.org\/{rel}","templated":true}]}}