{"id":3774,"date":"2024-01-16T19:42:19","date_gmt":"2024-01-16T18:42:19","guid":{"rendered":"https:\/\/www.epilepsija.hr\/?p=3774"},"modified":"2024-01-16T19:42:21","modified_gmt":"2024-01-16T18:42:21","slug":"medunarodni-dan-epilepsije-2024","status":"publish","type":"post","link":"https:\/\/www.epilepsija.hr\/?p=3774","title":{"rendered":"ME\u0110UNARODNI DAN EPILEPSIJE 2024."},"content":{"rendered":"<div class=\"wp-block-image\">\n<figure class=\"aligncenter size-full\"><img loading=\"lazy\" decoding=\"async\" width=\"489\" height=\"296\" src=\"https:\/\/www.epilepsija.hr\/wp-content\/uploads\/image-17.png\" alt=\"\" class=\"wp-image-3777\" srcset=\"https:\/\/www.epilepsija.hr\/wp-content\/uploads\/image-17.png 489w, https:\/\/www.epilepsija.hr\/wp-content\/uploads\/image-17-300x182.png 300w\" sizes=\"(max-width: 489px) 100vw, 489px\" \/><\/figure><\/div>\n\n\n<p>Me\u0111unarodni dan epilepsije (engl. International Epilepsy Day) klju\u010dna je inicijativa koju \u0107e epileptolo\u0161ka zajednica koristiti za podizanje svjesnosti o epilepsiji i za poticanje provedbe 10-godi\u0161njeg Me\u0111usektorskog globalnog akcijskog plana o epilepsiji i drugim neurolo\u0161kim poreme\u0107ajima (2022.-2031.) (engl. IGAP), Svjetske zdravstvene organizacije (engl. WHO).<\/p>\n\n\n\n<p>IGAP je desetogodi\u0161nji plan koji sadr\u017ei specifi\u010dni strate\u0161ki cilj ja\u010danja javnozdravstvenog pristupa epilepsiji i dva globalna cilja sa zadatkom uklanjanja glavnih nedostataka u lije\u010denju i uklju\u010divanju osoba s epilepsijom u cijelom svijetu:<\/p>\n\n\n\n<ul>\n<li>Globalni cilj 5.1: Do 2031. zemlje \u0107e imati pove\u0107anu pokrivenost slu\u017ebama za epilepsiju za 50% u odnosu na trenutnu pokrivenost u 2021.<\/li>\n\n\n\n<li>Globalni cilj 5.2: 80% zemalja \u0107e razviti ili a\u017eurirati svoje zakonodavstvo za promicanje i za\u0161titu ljudskih prava osoba s epilepsijom do 2031.<\/li>\n<\/ul>\n\n\n\n<p>Jedna od klju\u010dnih prepreka, za postizanje ovih globalnih ciljeva specifi\u010dnih za epilepsiju, su niske razine zdravstvene pismenosti i visoke razine nerazumijevanja i pogre\u0161nih predod\u017eaba o epilepsiji.<\/p>\n\n\n\n<p>Taj se nedostatak znanja pretvara u dru\u0161tvenu stigmu i isklju\u010denost te dovodi do diskriminacije osoba s epilepsijom na svim razinama dru\u0161tva. Na primjer, na poslu, u \u0161koli ili u zajednici.<\/p>\n\n\n\n<p>Nedostatak znanja tako\u0111er mo\u017ee pridonijeti izazovima u pristupu lije\u010denju zbog pogre\u0161nih dijagnoza, neprikladnih odluka o lije\u010denju, neadekvatnog pru\u017eanja skrbi i nedovoljne podr\u0161ke za osobe s epilepsijom i one koji o njima brinu. Zapravo, zbog stigme koja okru\u017euje epilepsiju, u mnogim dijelovima svijeta oboljeli ne \u017eele potra\u017eiti skrb.<\/p>\n\n\n\n<p>Osim toga, nedostatak znanja tako\u0111er ote\u017eava odre\u0111ivanje prioriteta i dodjelu resursa za epilepsiju od strane donositelja odluka i politi\u010dara, te priznanje potrebe za posebnim pravilnicima i programima koji se bave problemima vezanima uz epilepsiju.<\/p>\n\n\n\n<p>Stoga, ovoga #EpilepsyDay, \u017eelimo pobolj\u0161ati razinu znanja o epilepsiji me\u0111u svim sektorima dru\u0161tva tra\u017ee\u0107i od ljudi s epilepsijom i onih koji o njima brinu da podijele svoje putovanje s epilepsijom.<\/p>\n\n\n\n<p><strong>#MyEpilepsyJourney #MojePutovanjesEpilepsijom<\/strong><\/p>\n\n\n\n<p>Bilo da ste osoba s epilepsijom, njegovatelj, zdravstveni ili socijalni radnik, istra\u017eiva\u010d, predstavnik industrije, kreator politike ili bilo tko drugi koga zanima epilepsija \u2013 recite nam vi\u0161e o tome kako je po\u010delo va\u0161e putovanje s epilepsijom, gdje ste na svom putu sada, i gdje \u017eelite biti!<\/p>\n\n\n\n<h4 class=\"wp-block-heading\"><strong>Svako putovanje je va\u017eno. Podijelite svoje putovanje s epilepsijom kako biste poja\u010dali na\u0161e zajedni\u010dke glasove ovog Dana epilepsije (#EpilepsyDay).<\/strong><\/h4>\n\n\n\n<p><a href=\"https:\/\/docs.google.com\/forms\/d\/e\/1FAIpQLSczha56U-hNNu5USs_WpLsxnw2JR63h2lnPWy1e2qrb29jsoQ\/viewform\"><strong>Molimo koristite ovaj obrazac za slanje pri\u010de o svom putovanju.<\/strong><\/a><\/p>\n\n\n\n<p><em><br><\/em><strong><em>Napomena: Prijave se moraju predati do \u010detvrtka, 1. velja\u010de 2024. Slobodno podijelite svoju pri\u010du u bilo kojem trenutku prije datuma zatvaranja jer \u0107emo objaviti pri\u010de po redoslijedu zaprimanja.<\/em><\/strong><\/p>\n\n\n\n<p><strong>Virtualna umjetni\u010dka izlo\u017eba (engl. Virtual Art Exhibition)<\/strong><\/p>\n\n\n\n<p>Na\u0161a virtualna umjetni\u010dka izlo\u017eba vra\u0107a se povodom obilje\u017eavanja Me\u0111unarodnog dana epilepsije 2024.<\/p>\n\n\n\n<p><strong>Ovogodi\u0161nja tema je: &#8220;Prekretnice na mom putu s epilepsijom&#8221; (engl. \u2018Milestones on My Epilepsy Journey\u2019).<\/strong><\/p>\n\n\n\n<p>Prihva\u0107amo slike ili crte\u017ee, fotografije ili fotomonta\u017ee, keramiku ili skulpturu, izradu perli, vez ili ru\u010dni rad. Prijave \u0107e biti predstavljene na web stranici Me\u0111unarodnog dana epilepsije i istaknute na kanalima dru\u0161tvenih mre\u017ea Me\u0111unarodne udruge za epilepsiju (engl. International Bureau for Epilepsy &#8211; IBE) i Me\u0111unarodne lige protiv epilepsije (engl. International League Against Epilepsy &#8211; ILAE).<\/p>\n\n\n\n<p><a href=\"https:\/\/docs.google.com\/forms\/d\/e\/1FAIpQLSc1_maA7I_OlaZ48a9zsPkZZXB9MGMmlmQ9xo1opD_B70g2gw\/viewform\"><strong>Prijamni obrazac<\/strong><\/a><\/p>\n\n\n\n<p><strong>Datum zatvaranja: \u010detvrtak, 1. velja\u010de<\/strong><\/p>\n\n\n\n<p><strong>Podijelite svoj doga\u0111aj s nama!<\/strong><\/p>\n\n\n\n<p><strong>Ako planirate doga\u0111aj kojim \u0107ete obilje\u017eiti Me\u0111unarodni dan epilepsije, <\/strong><a href=\"https:\/\/docs.google.com\/forms\/d\/e\/1FAIpQLScyQ7jSYUAqzb_GediL_Px4tl0IIhu9phcDOtojOLS-tqsG1A\/viewform\"><strong>podijelite detalje s nama ovdje.<\/strong><\/a><br><br>Doga\u0111aji \u0107e biti objavljeni na slu\u017ebenoj web stranici Me\u0111unarodnog dana epilepsije, a tako\u0111er mogu biti uklju\u010deni u godi\u0161nje izvje\u0161\u0107e o Me\u0111unarodnom danu epilepsije.<\/p>\n\n\n\n<p>Obavezno podijelite postove i slike sa svog doga\u0111aja na dru\u0161tvenim mre\u017eama, koriste\u0107i #EpilepsyDay hashtag. Dat \u0107emo sve od sebe da promoviramo i podijelimo va\u0161 sadr\u017eaj.<\/p>\n\n\n\n<p><strong>Priru\u010dnik za kampanju<\/strong><\/p>\n\n\n\n<p>Dru\u0161tveni mediji imat \u0107e va\u017enu ulogu diljem svijeta u preno\u0161enju na\u0161ih poruka javnosti na Me\u0111unarodni dan epilepsije.<\/p>\n\n\n\n<p><strong>U ponedjeljak, 12. velja\u010de 2024., \u0161irom svijeta \u0107e se nastojati da #EpilepsyDay postane trend na X (biv\u0161i Twitter) i drugim dru\u0161tvenim mre\u017eama.<\/strong><\/p>\n\n\n\n<p>\u0160to god radili na Me\u0111unarodni dan epilepsije, budite dio nastojanja dru\u0161tvenih medija dijem svijeta!<\/p>\n\n\n\n<p><img loading=\"lazy\" decoding=\"async\" src=\"https:\/\/lh7-us.googleusercontent.com\/gzrCYfOHgwqIjqJ2pdTq1R0f0a9omFHOnVkgG7i64VHCGSvLBMuBbk8hIiJ_AHFs3Lrt9mR3vhUBAmgs5zu4hiumg3hQK89v_XqWWLfl5Tuwj0noGJmbAXIvw6wnuSOu5hBlHm5AVpFUl-bLmF2JaY0\" width=\"48\" height=\"48\"><a href=\"https:\/\/www.facebook.com\/InternationalBureauForEpilepsy\">facebook.com\/intepilepsyday<\/a><\/p>\n\n\n\n<p><img loading=\"lazy\" decoding=\"async\" src=\"https:\/\/lh7-us.googleusercontent.com\/VqRRl575cv8MzT8WihclYBsfCJogj7c-Ax0wRfdK5OE06rYI6vp6IGC6xLi_KD1Ude8Ob2drFy4ogx3klpGnzMXLlBep1rDQrQNO_gMp-a6fWOTf1mw7JZye1SaZgzBy9UsoVPBLgKVsBuq-gsWVKnw\" width=\"48\" height=\"48\">t<a href=\"https:\/\/twitter.com\/IBESocialMedia\">witter.com\/IBESocialMedia&nbsp;<\/a><\/p>\n\n\n\n<p>&nbsp;<a href=\"http:\/\/twitter.com\/IlaeWeb\">twitter.com\/IlaeWeb&nbsp;<\/a><\/p>\n\n\n\n<p><img loading=\"lazy\" decoding=\"async\" src=\"https:\/\/lh7-us.googleusercontent.com\/2xM8WPQJs38FzcVaBzc0pLFWx2Cbxm1EcItia0EJyMigj1sSK6KkXKlTdP6TqjSUjJUZ3fCM1a5RDldYodopZQ1RHpsYk8RgYxNc6ih66n9DvZAvzb53HCG952yjCrtF0wZkCr54BsxGluXqhzbiGlQ\" width=\"48\" height=\"48\">i<a href=\"https:\/\/www.instagram.com\/international_bureau_epilepsy\/\">nstagram.com\/international_epilepsy&nbsp;<\/a><\/p>\n\n\n\n<p><a href=\"http:\/\/instagram.com\/ILAE_Epilepsy\">&nbsp;instagram.com\/ILAE_Epilepsy<\/a><\/p>\n\n\n\n<p><a href=\"https:\/\/linkedin.com\/company\/international-bureau-for-epilepsy\">linkedin.com\/international-bureau-for-epilepsy<\/a><\/p>\n\n\n\n<p><a href=\"http:\/\/www.linkedin.com\/company\/international-league-against-epilepsy\/\">linkedin.com\/international-league-against-epilepsy<\/a><\/p>\n\n\n\n<div data-wp-interactive=\"\" class=\"wp-block-file\"><object data-wp-bind--hidden=\"!selectors.core.file.hasPdfPreview\" hidden class=\"wp-block-file__embed\" data=\"https:\/\/www.epilepsija.hr\/wp-content\/uploads\/2024-International-Epilepsy-Day-Toolkit-hrvatski.pdf\" type=\"application\/pdf\" style=\"width:100%;height:600px\" aria-label=\"Ugra\u0111eno 2024-International-Epilepsy-Day-Toolkit-hrvatski.\"><\/object><a id=\"wp-block-file--media-e66d9d54-8f11-47a1-a8bd-1dbcc1feb100\" href=\"https:\/\/www.epilepsija.hr\/wp-content\/uploads\/2024-International-Epilepsy-Day-Toolkit-hrvatski.pdf\">2024-International-Epilepsy-Day-Toolkit-hrvatski<\/a><a href=\"https:\/\/www.epilepsija.hr\/wp-content\/uploads\/2024-International-Epilepsy-Day-Toolkit-hrvatski.pdf\" class=\"wp-block-file__button wp-element-button\" download aria-describedby=\"wp-block-file--media-e66d9d54-8f11-47a1-a8bd-1dbcc1feb100\">Preuzmi<\/a><\/div>\n","protected":false},"excerpt":{"rendered":"<p>Me\u0111unarodni dan epilepsije (engl. International Epilepsy Day) klju\u010dna je inicijativa koju \u0107e epileptolo\u0161ka zajednica koristiti za podizanje svjesnosti o epilepsiji i za poticanje provedbe 10-godi\u0161njeg Me\u0111usektorskog globalnog akcijskog plana o epilepsiji i drugim neurolo\u0161kim poreme\u0107ajima (2022.-2031.) (engl. IGAP), Svjetske zdravstvene organizacije (engl. WHO). IGAP je desetogodi\u0161nji plan koji sadr\u017ei specifi\u010dni strate\u0161ki cilj ja\u010danja javnozdravstvenog pristupa &hellip; <a href=\"https:\/\/www.epilepsija.hr\/?p=3774\" class=\"more-link\">Nastavi \u010ditati <span class=\"screen-reader-text\">ME\u0110UNARODNI DAN EPILEPSIJE 2024.<\/span> <span class=\"meta-nav\">&rarr;<\/span><\/a><\/p>\n","protected":false},"author":1,"featured_media":0,"comment_status":"closed","ping_status":"closed","sticky":false,"template":"","format":"standard","meta":{"footnotes":""},"categories":[1],"tags":[],"_links":{"self":[{"href":"https:\/\/www.epilepsija.hr\/index.php?rest_route=\/wp\/v2\/posts\/3774"}],"collection":[{"href":"https:\/\/www.epilepsija.hr\/index.php?rest_route=\/wp\/v2\/posts"}],"about":[{"href":"https:\/\/www.epilepsija.hr\/index.php?rest_route=\/wp\/v2\/types\/post"}],"author":[{"embeddable":true,"href":"https:\/\/www.epilepsija.hr\/index.php?rest_route=\/wp\/v2\/users\/1"}],"replies":[{"embeddable":true,"href":"https:\/\/www.epilepsija.hr\/index.php?rest_route=%2Fwp%2Fv2%2Fcomments&post=3774"}],"version-history":[{"count":1,"href":"https:\/\/www.epilepsija.hr\/index.php?rest_route=\/wp\/v2\/posts\/3774\/revisions"}],"predecessor-version":[{"id":3778,"href":"https:\/\/www.epilepsija.hr\/index.php?rest_route=\/wp\/v2\/posts\/3774\/revisions\/3778"}],"wp:attachment":[{"href":"https:\/\/www.epilepsija.hr\/index.php?rest_route=%2Fwp%2Fv2%2Fmedia&parent=3774"}],"wp:term":[{"taxonomy":"category","embeddable":true,"href":"https:\/\/www.epilepsija.hr\/index.php?rest_route=%2Fwp%2Fv2%2Fcategories&post=3774"},{"taxonomy":"post_tag","embeddable":true,"href":"https:\/\/www.epilepsija.hr\/index.php?rest_route=%2Fwp%2Fv2%2Ftags&post=3774"}],"curies":[{"name":"wp","href":"https:\/\/api.w.org\/{rel}","templated":true}]}}