{"id":3732,"date":"2023-04-20T22:44:37","date_gmt":"2023-04-20T21:44:37","guid":{"rendered":"https:\/\/www.epilepsija.hr\/?p=3732"},"modified":"2023-04-20T23:02:38","modified_gmt":"2023-04-20T22:02:38","slug":"uspjesno-obiljezavanje-ljubicastog-dana-2023-u-hrvatskoj","status":"publish","type":"post","link":"https:\/\/www.epilepsija.hr\/?p=3732","title":{"rendered":"USPJE\u0160NO OBILJE\u017dAVANJE LJUBI\u010cASTOG DANA 2023. U HRVATSKOJ"},"content":{"rendered":"\n<p>Ove smo godine obilje\u017eili ve\u0107 14. Ljubi\u010dasti dan u Hrvatskoj i odr\u017eali ve\u0107 sedmu tradicionalnu biciklijadu!<\/p>\n\n\n<div class=\"wp-block-image\">\n<figure class=\"aligncenter size-full is-resized\"><img loading=\"lazy\" decoding=\"async\" src=\"https:\/\/www.epilepsija.hr\/wp-content\/uploads\/Biciklijada.jpg\" alt=\"\" class=\"wp-image-3733\" width=\"504\" height=\"336\"\/><figcaption class=\"wp-element-caption\">26.03.2023., Zagreb &#8211; &#8220;Bicikliraj za epilepsiju&#8221; na Europskom trgu. Zahvaljujemo na fotografiji PIXSELL Photo &amp; Video Agency<\/figcaption><\/figure><\/div>\n\n\n<p>U organizaciju su tijekom godina uklju\u010dena sva relevantna stru\u010dna dru\u0161tva i udruge iz podru\u010dja epilepsije: Hrvatska udruga za epilepsiju, Hrvatska liga protiv epilepsije, Referentni centar Ministarstva zdravstva Republike Hrvatske za epilepsiju, pridru\u017eeni ERN EpiCARE centar, Referentni centar Ministarstva zdravstva Republike Hrvatske za preoperativnu obradu bolesnika s epilepsijom, Referentni centar Ministarstva zdravstva za epilepsije i konvulzivne bolesti razvojne dobi, Hrvatsko dru\u0161tvo za dje\u010dju neurologiju HLZ, Hrvatsko dru\u0161tvo za EEG i klini\u010dku neurofiziologiju HLZ, Odjel za dje\u010dju neurologiju Klinike za pedijatriju KBC Sestre milosrdnice, pridru\u017eeni ERN EpiCARE centar i udruga Dravet sindrom Hrvatska.<\/p>\n\n\n<div class=\"wp-block-image\">\n<figure class=\"aligncenter size-full\"><img loading=\"lazy\" decoding=\"async\" width=\"960\" height=\"720\" src=\"https:\/\/www.epilepsija.hr\/wp-content\/uploads\/Ljubicasti-dan.jpg\" alt=\"\" class=\"wp-image-3734\"\/><\/figure><\/div>\n\n\n<p>Sredi\u0161nja manifestacija ove je godine ponovno postala tradicionalna manifestacija \u201eBicikliraj za epilepsiju!\u201c koja se odr\u017eala u nedjelju, 26. o\u017eujka 2023. godine. Na Europskom trgu, uz \u0161tand s promotivnim i edukacijskim materijalima, okupili su se predstavnici organizatora (stru\u010dnih udru\u017eenja i udruga) uz oboljele osobe od epilepsije i njihove bli\u017enje te gra\u0111ane koji su do\u0161li iskazati svoju podr\u0161ku. To\u010dno u podne smo odvozili simboli\u010dnu biciklijadu kroz centar Zagreba te smo naknadno zaplesali zumba plesni program uz Snje\u017eanu Panjkret.<\/p>\n\n\n<div class=\"wp-block-image\">\n<figure class=\"aligncenter size-full\"><img loading=\"lazy\" decoding=\"async\" width=\"5645\" height=\"4912\" src=\"https:\/\/www.epilepsija.hr\/wp-content\/uploads\/DSC_6112.jpg\" alt=\"\" class=\"wp-image-3752\"\/><\/figure><\/div>\n\n\n<p>Zahvaljujemo pokroviteljstvima Predsjednika Republike Hrvatske Zorana Milanovi\u0107a, Ministarstva zdravstva Republike Hrvatske i&nbsp; Gradona\u010delnika Grada Zagreba Tomislava Toma\u0161evi\u0107a, jer je time iskazana va\u017enost ove javno-zdravstvene akcije na lokalnoj i nacionalnoj razini.<\/p>\n\n\n\n<p>Zahvaljujemo toplim rije\u010dima punima&nbsp; podr\u0161ke koje su nam iskazale savjetnica ministra zdravstva Antonija Margeta, dipl.iur. i&nbsp; Jasna Tucak, univ. mag. sanit. publ., voditeljica Odjela za promicanje zdravlja, prevenciju i rano otkrivanje bolesti Gradskog ureda za socijalnu za\u0161titu, zdravstvo, branitelje i osobe s invaliditetom.<\/p>\n\n\n<div class=\"wp-block-image\">\n<figure class=\"aligncenter size-full\"><img loading=\"lazy\" decoding=\"async\" width=\"5490\" height=\"4912\" src=\"https:\/\/www.epilepsija.hr\/wp-content\/uploads\/DSC_5896.jpg\" alt=\"\" class=\"wp-image-3735\"\/><\/figure><\/div>\n\n\n<p>Savjetnica ministra zdravstva Antonija Margeta, dipl.iur.<\/p>\n\n\n<div class=\"wp-block-image\">\n<figure class=\"aligncenter size-full\"><img loading=\"lazy\" decoding=\"async\" width=\"960\" height=\"720\" src=\"https:\/\/www.epilepsija.hr\/wp-content\/uploads\/337163913_3165878356890929_5965548925565139546_n.jpg\" alt=\"\" class=\"wp-image-3736\"\/><\/figure><\/div>\n\n\n<p>Jasna Tucak, univ. mag. sanit. publ., voditeljica Odjela za promicanje zdravlja, prevenciju i rano otkrivanje bolesti Gradskog ureda za socijalnu za\u0161titu, zdravstvo, branitelje i osobe s invaliditetom.<\/p>\n\n\n\n<p>Svojim dolaskom nas je razveselio Dino Ra\u0111a, na\u0161 proslavljeni ko\u0161arka\u0161 i \u010dlan Ku\u0107e slavnih, koji je ve\u0107 u nekoliko prilika podr\u017eao rad HUE, strpljivo poziraju\u0107i sa svima okupljenima.<\/p>\n\n\n<div class=\"wp-block-image\">\n<figure class=\"aligncenter size-full\"><img loading=\"lazy\" decoding=\"async\" width=\"567\" height=\"960\" src=\"https:\/\/www.epilepsija.hr\/wp-content\/uploads\/Dino-Rada.jpg\" alt=\"\" class=\"wp-image-3737\"\/><\/figure><\/div>\n\n\n<p>Dodatno zahvaljujemo donatorima koji su nam omogu\u0107ili da ostvarimo ovu manifestaciju (https:\/\/www.epilepsija.hr\/?page_id=3185) kao i Studentskoj sekciji za neuroznanost Medicinskog fakulteta u Zagrebu, u\u010denicima \u0160kole za medicinske sestre Vrap\u010de i volonterima IX gimnazije.<\/p>\n\n\n\n<p>U ponedjeljak, 27. o\u017eujka 2023.g., omogu\u0107ili smo svima zainteresiranima SAVJETOVALI\u0160TE virtualno ili osobnih dolaskom u Savjetovali\u0161te HUE: za djecu na Odjel dje\u010dje neurologije KBC Sestre milosrdnice i za odrasle u Klinici za neurologiju KB Sveti Duh, dvorana Bundek\/osobnim dolaskom u Savjetovali\u0161te Klinike za neurologiju i Klinike za pedijatriju KBC Zagreb u Edukacijski centar Istok, Dvorana 3.<\/p>\n\n\n<div class=\"wp-block-image\">\n<figure class=\"aligncenter size-full is-resized\"><img loading=\"lazy\" decoding=\"async\" src=\"https:\/\/www.epilepsija.hr\/wp-content\/uploads\/KB-Sveti-DUh.jpg\" alt=\"\" class=\"wp-image-3738\" width=\"504\" height=\"261\"\/><\/figure><\/div>\n\n\n<p>Sjedi\u0161te HUE na Klinici za neurologiju KB Sveti Duh<\/p>\n\n\n<div class=\"wp-block-image\">\n<figure class=\"aligncenter size-full\"><img loading=\"lazy\" decoding=\"async\" width=\"768\" height=\"960\" src=\"https:\/\/www.epilepsija.hr\/wp-content\/uploads\/KBC-SM.jpg\" alt=\"\" class=\"wp-image-3740\"\/><\/figure><\/div>\n\n\n<p>Odjel za pedijatrijsku neurologiju s epileptologijom, KBC Sestre milosrdnice gdje se nalazi na\u0161e Savjetovali\u0161te za djecu<\/p>\n\n\n<div class=\"wp-block-image\">\n<figure class=\"aligncenter size-full\"><img loading=\"lazy\" decoding=\"async\" width=\"658\" height=\"439\" src=\"https:\/\/www.epilepsija.hr\/wp-content\/uploads\/KBC-Zagreb-1.jpeg\" alt=\"\" class=\"wp-image-3741\"\/><\/figure><\/div>\n\n\n<p>Klinika za neurologiju i Klinika za pedijatriju Klini\u010dkog bolni\u010dkog centra Zagreb&nbsp;<\/p>\n\n\n\n<p>Osim biciklijade i savjetovali\u0161ta, odr\u017eana su predavanja u velikom broju nastavnih ustanova gdje, iz godine u godinu, educiramo o epilepsiji kako bismo \u0161ire\u0107i znanje o epilepsiji, ru\u0161ili predrasude koje prate bolest. Tijekom svih ovih godina naglasak je najvi\u0161e stavljen na edukaciju djece i mladih s ciljem \u0161irenja znanja i formiranja ispravnih stavova.<\/p>\n\n\n<div class=\"wp-block-image\">\n<figure class=\"aligncenter size-full\"><img loading=\"lazy\" decoding=\"async\" width=\"960\" height=\"651\" src=\"https:\/\/www.epilepsija.hr\/wp-content\/uploads\/OS-Prekvrsje-Veselka-Sostaric-i-prim.-Ana-Sruk.jpg\" alt=\"\" class=\"wp-image-3742\"\/><\/figure><\/div>\n\n\n<p>O\u0160 Prekvr\u0161je &#8211; Veselka \u0160o\u0161tari\u0107 i prim. Ana Sruk<\/p>\n\n\n<div class=\"wp-block-image\">\n<figure class=\"aligncenter size-full\"><img loading=\"lazy\" decoding=\"async\" width=\"960\" height=\"720\" src=\"https:\/\/www.epilepsija.hr\/wp-content\/uploads\/X-ginazija-Ivan-Supek.jpg\" alt=\"\" class=\"wp-image-3743\"\/><\/figure><\/div>\n\n\n<p>X Gimnazija Ivan Supek &#8211; dr. Fabijan \u0110umbir i prim. Ana Sruk<\/p>\n\n\n<div class=\"wp-block-image\">\n<figure class=\"aligncenter size-full\"><img loading=\"lazy\" decoding=\"async\" width=\"960\" height=\"701\" src=\"https:\/\/www.epilepsija.hr\/wp-content\/uploads\/OS-Kustosija.jpg\" alt=\"\" class=\"wp-image-3744\"\/><\/figure><\/div>\n\n\n<p>O\u0160 Kusto\u0161ija &#8211; doc.dr.sc.Monika Kukuruzovi\u0107,&nbsp; dr.med., Kristina Ku\u017enik, mag.med.techn. i Nikolina Bedekovi\u0107, bacc.med.techn.<\/p>\n\n\n<div class=\"wp-block-image\">\n<figure class=\"aligncenter size-full is-resized\"><img loading=\"lazy\" decoding=\"async\" src=\"https:\/\/www.epilepsija.hr\/wp-content\/uploads\/DV-Markusevec-PO-Sesvete.jpg\" alt=\"\" class=\"wp-image-3745\" width=\"504\" height=\"504\"\/><\/figure><\/div>\n\n\n<p>DV  &#8220;Marku\u0161evec&#8221; PO Sesvete<\/p>\n\n\n<div class=\"wp-block-image\">\n<figure class=\"aligncenter size-full\"><img loading=\"lazy\" decoding=\"async\" width=\"526\" height=\"701\" src=\"https:\/\/www.epilepsija.hr\/wp-content\/uploads\/ARRK-MEGARock-SPK-Vega.jpg\" alt=\"\" class=\"wp-image-3748\"\/><\/figure><\/div>\n\n\n<p>Fran Lon\u010dar i ARRK MEGARock &amp; SPK Vega<\/p>\n\n\n\n<p>Ljubi\u010dasti dan je obilje\u017een u velikom broju gradova i ustanova diljem Hrvatske \u0161to nas iznimno veseli i \u010dini ponosnima na odazivu ovoj plemenitoj manifestaciji!<\/p>\n\n\n<div class=\"wp-block-image\">\n<figure class=\"aligncenter size-full\"><img loading=\"lazy\" decoding=\"async\" width=\"1280\" height=\"720\" src=\"https:\/\/www.epilepsija.hr\/wp-content\/uploads\/Ustanove.jpg\" alt=\"\" class=\"wp-image-3747\"\/><\/figure><\/div>\n\n<div class=\"wp-block-image\">\n<figure class=\"aligncenter size-full\"><img loading=\"lazy\" decoding=\"async\" width=\"1280\" height=\"720\" src=\"https:\/\/www.epilepsija.hr\/wp-content\/uploads\/Gradovi.png\" alt=\"\" class=\"wp-image-3746\"\/><\/figure><\/div>","protected":false},"excerpt":{"rendered":"<p>Ove smo godine obilje\u017eili ve\u0107 14. Ljubi\u010dasti dan u Hrvatskoj i odr\u017eali ve\u0107 sedmu tradicionalnu biciklijadu! U organizaciju su tijekom godina uklju\u010dena sva relevantna stru\u010dna dru\u0161tva i udruge iz podru\u010dja epilepsije: Hrvatska udruga za epilepsiju, Hrvatska liga protiv epilepsije, Referentni centar Ministarstva zdravstva Republike Hrvatske za epilepsiju, pridru\u017eeni ERN EpiCARE centar, Referentni centar Ministarstva zdravstva &hellip; <a href=\"https:\/\/www.epilepsija.hr\/?p=3732\" class=\"more-link\">Nastavi \u010ditati <span class=\"screen-reader-text\">USPJE\u0160NO OBILJE\u017dAVANJE LJUBI\u010cASTOG DANA 2023. U HRVATSKOJ<\/span> <span class=\"meta-nav\">&rarr;<\/span><\/a><\/p>\n","protected":false},"author":1,"featured_media":0,"comment_status":"closed","ping_status":"closed","sticky":false,"template":"","format":"standard","meta":{"footnotes":""},"categories":[1],"tags":[],"_links":{"self":[{"href":"https:\/\/www.epilepsija.hr\/index.php?rest_route=\/wp\/v2\/posts\/3732"}],"collection":[{"href":"https:\/\/www.epilepsija.hr\/index.php?rest_route=\/wp\/v2\/posts"}],"about":[{"href":"https:\/\/www.epilepsija.hr\/index.php?rest_route=\/wp\/v2\/types\/post"}],"author":[{"embeddable":true,"href":"https:\/\/www.epilepsija.hr\/index.php?rest_route=\/wp\/v2\/users\/1"}],"replies":[{"embeddable":true,"href":"https:\/\/www.epilepsija.hr\/index.php?rest_route=%2Fwp%2Fv2%2Fcomments&post=3732"}],"version-history":[{"count":3,"href":"https:\/\/www.epilepsija.hr\/index.php?rest_route=\/wp\/v2\/posts\/3732\/revisions"}],"predecessor-version":[{"id":3753,"href":"https:\/\/www.epilepsija.hr\/index.php?rest_route=\/wp\/v2\/posts\/3732\/revisions\/3753"}],"wp:attachment":[{"href":"https:\/\/www.epilepsija.hr\/index.php?rest_route=%2Fwp%2Fv2%2Fmedia&parent=3732"}],"wp:term":[{"taxonomy":"category","embeddable":true,"href":"https:\/\/www.epilepsija.hr\/index.php?rest_route=%2Fwp%2Fv2%2Fcategories&post=3732"},{"taxonomy":"post_tag","embeddable":true,"href":"https:\/\/www.epilepsija.hr\/index.php?rest_route=%2Fwp%2Fv2%2Ftags&post=3732"}],"curies":[{"name":"wp","href":"https:\/\/api.w.org\/{rel}","templated":true}]}}