{"id":3609,"date":"2023-01-08T13:16:15","date_gmt":"2023-01-08T12:16:15","guid":{"rendered":"https:\/\/www.epilepsija.hr\/?p=3609"},"modified":"2023-01-08T13:16:17","modified_gmt":"2023-01-08T12:16:17","slug":"osvijetlimo-epilepsiju-u-ponedjeljak-13-veljace-2023","status":"publish","type":"post","link":"https:\/\/www.epilepsija.hr\/?p=3609","title":{"rendered":"OSVIJETLIMO EPILEPSIJU U PONEDJELJAK 13. VELJA\u010cE 2023.!"},"content":{"rendered":"\n<p>Povodom Me\u0111unarodnog dana epilepsije i Nacionalnog dana oboljelih od epilepsije pozivamo vas da u va\u0161em gradu potaknete osvjetljavanje poznatih znamenitosti i gra\u0111evina ljubi\u010dastom bojom, u ponedjeljak 13. velja\u010de 2023.g. \u2013 Upalimo svjetla za epilepsiju!<\/p>\n\n\n\n<div class=\"wp-block-image\"><figure class=\"aligncenter size-full\"><img loading=\"lazy\" decoding=\"async\" width=\"1027\" height=\"823\" src=\"https:\/\/www.epilepsija.hr\/wp-content\/uploads\/Osvijetlimo-epilepsiju-2023.-1.png\" alt=\"\" class=\"wp-image-3611\"\/><\/figure><\/div>\n","protected":false},"excerpt":{"rendered":"<p>Povodom Me\u0111unarodnog dana epilepsije i Nacionalnog dana oboljelih od epilepsije pozivamo vas da u va\u0161em gradu potaknete osvjetljavanje poznatih znamenitosti i gra\u0111evina ljubi\u010dastom bojom, u ponedjeljak 13. velja\u010de 2023.g. \u2013 Upalimo svjetla za epilepsiju!<\/p>\n","protected":false},"author":1,"featured_media":0,"comment_status":"closed","ping_status":"closed","sticky":false,"template":"","format":"standard","meta":{"footnotes":""},"categories":[1],"tags":[],"_links":{"self":[{"href":"https:\/\/www.epilepsija.hr\/index.php?rest_route=\/wp\/v2\/posts\/3609"}],"collection":[{"href":"https:\/\/www.epilepsija.hr\/index.php?rest_route=\/wp\/v2\/posts"}],"about":[{"href":"https:\/\/www.epilepsija.hr\/index.php?rest_route=\/wp\/v2\/types\/post"}],"author":[{"embeddable":true,"href":"https:\/\/www.epilepsija.hr\/index.php?rest_route=\/wp\/v2\/users\/1"}],"replies":[{"embeddable":true,"href":"https:\/\/www.epilepsija.hr\/index.php?rest_route=%2Fwp%2Fv2%2Fcomments&post=3609"}],"version-history":[{"count":1,"href":"https:\/\/www.epilepsija.hr\/index.php?rest_route=\/wp\/v2\/posts\/3609\/revisions"}],"predecessor-version":[{"id":3612,"href":"https:\/\/www.epilepsija.hr\/index.php?rest_route=\/wp\/v2\/posts\/3609\/revisions\/3612"}],"wp:attachment":[{"href":"https:\/\/www.epilepsija.hr\/index.php?rest_route=%2Fwp%2Fv2%2Fmedia&parent=3609"}],"wp:term":[{"taxonomy":"category","embeddable":true,"href":"https:\/\/www.epilepsija.hr\/index.php?rest_route=%2Fwp%2Fv2%2Fcategories&post=3609"},{"taxonomy":"post_tag","embeddable":true,"href":"https:\/\/www.epilepsija.hr\/index.php?rest_route=%2Fwp%2Fv2%2Ftags&post=3609"}],"curies":[{"name":"wp","href":"https:\/\/api.w.org\/{rel}","templated":true}]}}