{"id":3581,"date":"2022-09-20T16:41:19","date_gmt":"2022-09-20T15:41:19","guid":{"rendered":"https:\/\/www.epilepsija.hr\/?p=3581"},"modified":"2022-09-20T16:41:20","modified_gmt":"2022-09-20T15:41:20","slug":"virtualni-razgovori-o-epilepsiji-27-9-2022","status":"publish","type":"post","link":"https:\/\/www.epilepsija.hr\/?p=3581","title":{"rendered":"VIRTUALNI RAZGOVORI O EPILEPSIJI 27.9.2022."},"content":{"rendered":"\n<p>POZIV NA SUDJELOVANJE U INTERAKTIVNIM SASTANCIMA HUE<\/p>\n\n\n\n<p>Po\u0161tovani i dragi svi,<\/p>\n\n\n\n<p>niz interaktivnih sastanka pod imenom \u201eVirtualni razgovori o epilepsiji\u201c nastavljamo s temom za koju vjerujemo da \u0107e interesirati puno roditelja, oboljelih osoba, ali i djelatnika drugih struka poput u\u010ditelja i nastavnika koji su u svakodnevnom kontaktu s djecom koja imaju epilepsiju.<\/p>\n\n\n\n<p>Predavanje pod naslovom \u201e Pote\u0161ko\u0107e u\u010denja u djece s epilepsijom\u201c &nbsp;odr\u017eat \u0107e Iva \u0160eparovi\u0107, dr.med., specijalist pedijatar i subspecijalist pedijatrijske neurologije.<\/p>\n\n\n\n<p>Svi zainteresirani za predavanje mogu se, na dan predavanja, spojiti direktno putem sljede\u0107e poveznice: <a href=\"https:\/\/us02web.zoom.us\/j\/81527741188?pwd=cjB5TTE5TWNFQXhWdnYyR3ZxNDF5QT09\">https:\/\/us02web.zoom.us\/j\/81527741188?pwd=cjB5TTE5TWNFQXhWdnYyR3ZxNDF5QT09<\/a>.<\/p>\n\n\n\n<p>Ne propustite sudjelovati s pitanjima i u diskusiji koja \u0107e slijediti nakon predavanja o ovoj va\u017enoj temi!<\/p>\n\n\n\n<p>Samo izno\u0161enje predavanja \u0107e biti snimljeno i naknadno objavljeno na stranicama HUE dok se ostatak sastanka ne\u0107e snimati radi za\u0161tite osobnih podataka sudionika.&nbsp;<\/p>\n\n\n\n<p>Do skorog ponovnog vi\u0111enja!\ud83d\udc9c\ud83d\udc9c\ud83d\udc9c<\/p>\n\n\n\n<div class=\"wp-block-image\"><figure class=\"aligncenter size-full\"><img loading=\"lazy\" decoding=\"async\" width=\"1280\" height=\"720\" src=\"https:\/\/www.epilepsija.hr\/wp-content\/uploads\/najavna-slika.jpg\" alt=\"\" class=\"wp-image-3582\"\/><\/figure><\/div>\n","protected":false},"excerpt":{"rendered":"<p>POZIV NA SUDJELOVANJE U INTERAKTIVNIM SASTANCIMA HUE Po\u0161tovani i dragi svi, niz interaktivnih sastanka pod imenom \u201eVirtualni razgovori o epilepsiji\u201c nastavljamo s temom za koju vjerujemo da \u0107e interesirati puno roditelja, oboljelih osoba, ali i djelatnika drugih struka poput u\u010ditelja i nastavnika koji su u svakodnevnom kontaktu s djecom koja imaju epilepsiju. Predavanje pod naslovom &hellip; <a href=\"https:\/\/www.epilepsija.hr\/?p=3581\" class=\"more-link\">Nastavi \u010ditati <span class=\"screen-reader-text\">VIRTUALNI RAZGOVORI O EPILEPSIJI 27.9.2022.<\/span> <span class=\"meta-nav\">&rarr;<\/span><\/a><\/p>\n","protected":false},"author":1,"featured_media":0,"comment_status":"closed","ping_status":"closed","sticky":false,"template":"","format":"standard","meta":{"footnotes":""},"categories":[1],"tags":[],"_links":{"self":[{"href":"https:\/\/www.epilepsija.hr\/index.php?rest_route=\/wp\/v2\/posts\/3581"}],"collection":[{"href":"https:\/\/www.epilepsija.hr\/index.php?rest_route=\/wp\/v2\/posts"}],"about":[{"href":"https:\/\/www.epilepsija.hr\/index.php?rest_route=\/wp\/v2\/types\/post"}],"author":[{"embeddable":true,"href":"https:\/\/www.epilepsija.hr\/index.php?rest_route=\/wp\/v2\/users\/1"}],"replies":[{"embeddable":true,"href":"https:\/\/www.epilepsija.hr\/index.php?rest_route=%2Fwp%2Fv2%2Fcomments&post=3581"}],"version-history":[{"count":1,"href":"https:\/\/www.epilepsija.hr\/index.php?rest_route=\/wp\/v2\/posts\/3581\/revisions"}],"predecessor-version":[{"id":3583,"href":"https:\/\/www.epilepsija.hr\/index.php?rest_route=\/wp\/v2\/posts\/3581\/revisions\/3583"}],"wp:attachment":[{"href":"https:\/\/www.epilepsija.hr\/index.php?rest_route=%2Fwp%2Fv2%2Fmedia&parent=3581"}],"wp:term":[{"taxonomy":"category","embeddable":true,"href":"https:\/\/www.epilepsija.hr\/index.php?rest_route=%2Fwp%2Fv2%2Fcategories&post=3581"},{"taxonomy":"post_tag","embeddable":true,"href":"https:\/\/www.epilepsija.hr\/index.php?rest_route=%2Fwp%2Fv2%2Ftags&post=3581"}],"curies":[{"name":"wp","href":"https:\/\/api.w.org\/{rel}","templated":true}]}}