{"id":3213,"date":"2019-09-15T18:22:12","date_gmt":"2019-09-15T17:22:12","guid":{"rendered":"http:\/\/www.epilepsija.hr\/?p=3213"},"modified":"2019-09-15T19:15:04","modified_gmt":"2019-09-15T18:15:04","slug":"savjetovaliste-i-grupa-samopodrske-hue-u-cetvrtak-27-rujna-2019","status":"publish","type":"post","link":"https:\/\/www.epilepsija.hr\/?p=3213","title":{"rendered":"SAVJETOVALI\u0160TE I GRUPA SAMOPODR\u0160KE HUE U \u010cETVRTAK 26. RUJNA 2019."},"content":{"rendered":"<p><a href=\"http:\/\/www.epilepsija.hr\/wp-content\/uploads\/Razgovarajmo-o-epilepsiji.jpg\"><img loading=\"lazy\" decoding=\"async\" class=\"aligncenter size-full wp-image-3212\" src=\"http:\/\/www.epilepsija.hr\/wp-content\/uploads\/Razgovarajmo-o-epilepsiji.jpg\" alt=\"Razgovarajmo o epilepsiji\" width=\"1280\" height=\"720\" srcset=\"https:\/\/www.epilepsija.hr\/wp-content\/uploads\/Razgovarajmo-o-epilepsiji.jpg 1280w, https:\/\/www.epilepsija.hr\/wp-content\/uploads\/Razgovarajmo-o-epilepsiji-300x169.jpg 300w, https:\/\/www.epilepsija.hr\/wp-content\/uploads\/Razgovarajmo-o-epilepsiji-1024x576.jpg 1024w\" sizes=\"(max-width: 1280px) 100vw, 1280px\" \/><\/a>Dolaskom jeseni, zapo\u010dinjemo s ponovnim jednomjese\u010dnim okupljanjem \u010dlanova Udruge.\u00a0 Prvi od sastanaka u nizu \u0107e se odr\u017eati <strong>u \u010detvrtak, 26. rujna 2019.g. u\u00a0 16.00h u Tkal\u010di\u0107evoj 33<\/strong>.\u00a0 Predvi\u0111eno je savjetovali\u0161te koje \u0107e voditi dr. Ana Sruk kao i grupa samopodr\u0161ke s obzirom da su se grupe samopodr\u0161ke pokazale kao jedan od najboljih na\u010dina u\u010denja kako \u00a0\u017eivjeti s epilepsijom.<\/p>\n<p>Ovim putem vas pravovremeno obavje\u0161tavamo kako biste mogli osloboditi svoje vrijeme i organizirati put ukoliko niste iz Zagreba.<\/p>\n<p>Pozivamo sve zainteresirane osobe s epilepsijom ili \u010dlanove njihovih obitelji na razmjenu iskustva s ciljem pru\u017eanja me\u0111usobne podr\u0161ke. Do\u0111ite i pridru\u017eite nam se!<\/p>\n","protected":false},"excerpt":{"rendered":"<p>Dolaskom jeseni, zapo\u010dinjemo s ponovnim jednomjese\u010dnim okupljanjem \u010dlanova Udruge.\u00a0 Prvi od sastanaka u nizu \u0107e se odr\u017eati u \u010detvrtak, 26. rujna 2019.g. u\u00a0 16.00h u Tkal\u010di\u0107evoj 33.\u00a0 Predvi\u0111eno je savjetovali\u0161te koje \u0107e voditi dr. Ana Sruk kao i grupa samopodr\u0161ke s obzirom da su se grupe samopodr\u0161ke pokazale kao jedan od najboljih na\u010dina u\u010denja kako &hellip; <a href=\"https:\/\/www.epilepsija.hr\/?p=3213\" class=\"more-link\">Nastavi \u010ditati <span class=\"screen-reader-text\">SAVJETOVALI\u0160TE I GRUPA SAMOPODR\u0160KE HUE U \u010cETVRTAK 26. RUJNA 2019.<\/span> <span class=\"meta-nav\">&rarr;<\/span><\/a><\/p>\n","protected":false},"author":1,"featured_media":0,"comment_status":"closed","ping_status":"closed","sticky":false,"template":"","format":"standard","meta":{"footnotes":""},"categories":[1],"tags":[],"_links":{"self":[{"href":"https:\/\/www.epilepsija.hr\/index.php?rest_route=\/wp\/v2\/posts\/3213"}],"collection":[{"href":"https:\/\/www.epilepsija.hr\/index.php?rest_route=\/wp\/v2\/posts"}],"about":[{"href":"https:\/\/www.epilepsija.hr\/index.php?rest_route=\/wp\/v2\/types\/post"}],"author":[{"embeddable":true,"href":"https:\/\/www.epilepsija.hr\/index.php?rest_route=\/wp\/v2\/users\/1"}],"replies":[{"embeddable":true,"href":"https:\/\/www.epilepsija.hr\/index.php?rest_route=%2Fwp%2Fv2%2Fcomments&post=3213"}],"version-history":[{"count":2,"href":"https:\/\/www.epilepsija.hr\/index.php?rest_route=\/wp\/v2\/posts\/3213\/revisions"}],"predecessor-version":[{"id":3215,"href":"https:\/\/www.epilepsija.hr\/index.php?rest_route=\/wp\/v2\/posts\/3213\/revisions\/3215"}],"wp:attachment":[{"href":"https:\/\/www.epilepsija.hr\/index.php?rest_route=%2Fwp%2Fv2%2Fmedia&parent=3213"}],"wp:term":[{"taxonomy":"category","embeddable":true,"href":"https:\/\/www.epilepsija.hr\/index.php?rest_route=%2Fwp%2Fv2%2Fcategories&post=3213"},{"taxonomy":"post_tag","embeddable":true,"href":"https:\/\/www.epilepsija.hr\/index.php?rest_route=%2Fwp%2Fv2%2Ftags&post=3213"}],"curies":[{"name":"wp","href":"https:\/\/api.w.org\/{rel}","templated":true}]}}