{"id":3120,"date":"2019-04-28T12:26:50","date_gmt":"2019-04-28T11:26:50","guid":{"rendered":"http:\/\/www.epilepsija.hr\/?p=3120"},"modified":"2019-04-28T12:26:50","modified_gmt":"2019-04-28T11:26:50","slug":"obiljezavanje-nacionalnog-dana-hitne-medicinske-sluzbe-2019-prva-pomoc-kod-epileptickog-napadaja-2","status":"publish","type":"post","link":"https:\/\/www.epilepsija.hr\/?p=3120","title":{"rendered":"OBILJE\u017dAVANJE NACIONALNOG DANA HITNE MEDICINSKE SLU\u017dBE 2019. &#8211; PRVA POMO\u0106 KOD EPILEPTI\u010cKOG NAPADAJA"},"content":{"rendered":"<p>&nbsp;<\/p>\n<p>U petak, 26. travnja, \u00a0imali smo \u010dast prisustvovati sredi\u0161njem obilje\u017eavanju Nacionalnog dana hitne medicinske slu\u017ebe u Zagreba\u010dkoj \u017eupaniji, koji se obilje\u017eava 30. travnja. Na glavnom gradskom trgu u Jastrebarskom gra\u0111ani su kroz demonstraciju educirani kako pomo\u0107i osobama koje imaju epilepti\u010dki napadaj. Uz voditeljicu hitne slu\u017ebe u Jastrebarskom dr. Katarinu Peni\u0107, doga\u0111anju su bili nazo\u010dni \u00a0Pro\u010delnica za zdravstvo i socijalnu skrb Zagreba\u010dke \u017eupanije Ksenija \u010culjak, zamjenik gradona\u010delnika Stipe Bu\u010dar te ravnatelji \u017eupanijskog doma zdravlja i hitne slu\u017ebe Zagreba\u010dke \u017eupanije. Ispred Hrvatske Udruge za epilepsiju doga\u0111anju je prisustvovala dr. Iva \u0160eparovi\u0107.<\/p>\n<p><img decoding=\"async\" class=\"ngg_displayed_gallery mceItem\" src=\"http:\/\/www.epilepsija.hr\/index.php\/nextgen-attach_to_post\/preview\/id--3121\" alt=\"\" data-mce-placeholder=\"1\" \/><\/p>\n","protected":false},"excerpt":{"rendered":"<p>&nbsp; U petak, 26. travnja, \u00a0imali smo \u010dast prisustvovati sredi\u0161njem obilje\u017eavanju Nacionalnog dana hitne medicinske slu\u017ebe u Zagreba\u010dkoj \u017eupaniji, koji se obilje\u017eava 30. travnja. Na glavnom gradskom trgu u Jastrebarskom gra\u0111ani su kroz demonstraciju educirani kako pomo\u0107i osobama koje imaju epilepti\u010dki napadaj. Uz voditeljicu hitne slu\u017ebe u Jastrebarskom dr. Katarinu Peni\u0107, doga\u0111anju su bili nazo\u010dni &hellip; <a href=\"https:\/\/www.epilepsija.hr\/?p=3120\" class=\"more-link\">Nastavi \u010ditati <span class=\"screen-reader-text\">OBILJE\u017dAVANJE NACIONALNOG DANA HITNE MEDICINSKE SLU\u017dBE 2019. &#8211; PRVA POMO\u0106 KOD EPILEPTI\u010cKOG NAPADAJA<\/span> <span class=\"meta-nav\">&rarr;<\/span><\/a><\/p>\n","protected":false},"author":1,"featured_media":0,"comment_status":"closed","ping_status":"closed","sticky":false,"template":"","format":"standard","meta":{"footnotes":""},"categories":[1],"tags":[],"_links":{"self":[{"href":"https:\/\/www.epilepsija.hr\/index.php?rest_route=\/wp\/v2\/posts\/3120"}],"collection":[{"href":"https:\/\/www.epilepsija.hr\/index.php?rest_route=\/wp\/v2\/posts"}],"about":[{"href":"https:\/\/www.epilepsija.hr\/index.php?rest_route=\/wp\/v2\/types\/post"}],"author":[{"embeddable":true,"href":"https:\/\/www.epilepsija.hr\/index.php?rest_route=\/wp\/v2\/users\/1"}],"replies":[{"embeddable":true,"href":"https:\/\/www.epilepsija.hr\/index.php?rest_route=%2Fwp%2Fv2%2Fcomments&post=3120"}],"version-history":[{"count":1,"href":"https:\/\/www.epilepsija.hr\/index.php?rest_route=\/wp\/v2\/posts\/3120\/revisions"}],"predecessor-version":[{"id":3122,"href":"https:\/\/www.epilepsija.hr\/index.php?rest_route=\/wp\/v2\/posts\/3120\/revisions\/3122"}],"wp:attachment":[{"href":"https:\/\/www.epilepsija.hr\/index.php?rest_route=%2Fwp%2Fv2%2Fmedia&parent=3120"}],"wp:term":[{"taxonomy":"category","embeddable":true,"href":"https:\/\/www.epilepsija.hr\/index.php?rest_route=%2Fwp%2Fv2%2Fcategories&post=3120"},{"taxonomy":"post_tag","embeddable":true,"href":"https:\/\/www.epilepsija.hr\/index.php?rest_route=%2Fwp%2Fv2%2Ftags&post=3120"}],"curies":[{"name":"wp","href":"https:\/\/api.w.org\/{rel}","templated":true}]}}