{"id":3074,"date":"2019-03-02T13:25:23","date_gmt":"2019-03-02T12:25:23","guid":{"rendered":"http:\/\/www.epilepsija.hr\/?p=3074"},"modified":"2019-03-02T13:25:23","modified_gmt":"2019-03-02T12:25:23","slug":"poziv-skolama-na-obiljezavanje-ljubicastog-dana-2019","status":"publish","type":"post","link":"https:\/\/www.epilepsija.hr\/?p=3074","title":{"rendered":"POZIV \u0160KOLAMA NA OBILJE\u017dAVANJE LJUBI\u010cASTOG DANA 2019.!"},"content":{"rendered":"<p>Ovim putem pozivamo ravnatelje i druge ovla\u0161tene osobe osnovnih i srednjih \u0161kola da sukladno dosada\u0161njoj tradiciji potaknu i podr\u017ee obilje\u017eavanje Ljubi\u010dastog dana 26.o\u017eujka, organiziranjem prigodnih aktivnosti\u00a0 u svojim \u0161kolama.\u00a0 Ukoliko bi \u017eeljeli da netko od lije\u010dnika odr\u017ei predavanje o epilepsiji, slobodno nam se obratite na na\u0161 mail info@epilepsija.hr.<\/p>\n<p>U Hrvatskoj se ove godine obilje\u017eava zaredom deseti Ljubi\u010dasti dan. Tijekom svih ovih godina naglasak smo najvi\u0161e stavili na edukaciju djece i mladih te su stoga organizirana predavanja i doga\u0111anja u velikom broju nastavnih ustanova. Svake godine se u aktivnosti uklju\u010duje sve vi\u0161e osnovnih i srednjih \u0161kola, vrti\u0107a, medicinskih fakulteta i bolnica diljem Hrvatske uz izniman odjek javnosti i popra\u0107enost medija.<\/p>\n<p>Za one koji do sada nisu pratili doga\u0111anja vezana uz Ljubi\u010dasti dan, preporu\u010dujemo da pogledaju na\u0161e fotogalerije na web stranici www.epilepsija.hr i na\u0161oj Facebook stranici, a na slijede\u0107oj poveznici se mo\u017ee vidjeti jedna od najuspje\u0161nijih manifestacija u O\u0160 Pavao Belas: <a href=\"https:\/\/www.facebook.com\/photo.php?v=477014695759335&amp;set=vb.127302827397192&amp;type=3&amp;theater\">https:\/\/www.facebook.com\/photo.php?v=477014695759335&amp;set=vb.127302827397192&amp;type=3&amp;theater<\/a>.<\/p>\n<p>Kako bismo \u0161to uspje\u0161nije obilje\u017eili Ljubi\u010dasti dan \u2013 Dan podr\u0161ke osobama s epilepsijom te dan posve\u0107en podizanju razine svijesti o epilepsiji, javite nam se i priklonite na\u0161em sloganu \u201e\u0160irenjem znanja o epilepsiji, ru\u0161imo predrasude!\u201c<\/p>\n<p><a href=\"http:\/\/www.epilepsija.hr\/wp-content\/uploads\/113.jpg\"><img loading=\"lazy\" decoding=\"async\" class=\"size-full wp-image-3073 alignleft\" src=\"http:\/\/www.epilepsija.hr\/wp-content\/uploads\/113.jpg\" alt=\"1\" width=\"200\" height=\"200\" srcset=\"https:\/\/www.epilepsija.hr\/wp-content\/uploads\/113.jpg 200w, https:\/\/www.epilepsija.hr\/wp-content\/uploads\/113-150x150.jpg 150w\" sizes=\"(max-width: 200px) 100vw, 200px\" \/><\/a><\/p>\n<p><a href=\"http:\/\/www.epilepsija.hr\/wp-content\/uploads\/213.jpg\"><img loading=\"lazy\" decoding=\"async\" class=\"alignright size-full wp-image-3072\" src=\"http:\/\/www.epilepsija.hr\/wp-content\/uploads\/213.jpg\" alt=\"2\" width=\"526\" height=\"327\" srcset=\"https:\/\/www.epilepsija.hr\/wp-content\/uploads\/213.jpg 526w, https:\/\/www.epilepsija.hr\/wp-content\/uploads\/213-300x187.jpg 300w\" sizes=\"(max-width: 526px) 100vw, 526px\" \/><\/a><\/p>\n","protected":false},"excerpt":{"rendered":"<p>Ovim putem pozivamo ravnatelje i druge ovla\u0161tene osobe osnovnih i srednjih \u0161kola da sukladno dosada\u0161njoj tradiciji potaknu i podr\u017ee obilje\u017eavanje Ljubi\u010dastog dana 26.o\u017eujka, organiziranjem prigodnih aktivnosti\u00a0 u svojim \u0161kolama.\u00a0 Ukoliko bi \u017eeljeli da netko od lije\u010dnika odr\u017ei predavanje o epilepsiji, slobodno nam se obratite na na\u0161 mail info@epilepsija.hr. U Hrvatskoj se ove godine obilje\u017eava zaredom &hellip; <a href=\"https:\/\/www.epilepsija.hr\/?p=3074\" class=\"more-link\">Nastavi \u010ditati <span class=\"screen-reader-text\">POZIV \u0160KOLAMA NA OBILJE\u017dAVANJE LJUBI\u010cASTOG DANA 2019.!<\/span> <span class=\"meta-nav\">&rarr;<\/span><\/a><\/p>\n","protected":false},"author":1,"featured_media":0,"comment_status":"closed","ping_status":"closed","sticky":false,"template":"","format":"standard","meta":{"footnotes":""},"categories":[1],"tags":[],"_links":{"self":[{"href":"https:\/\/www.epilepsija.hr\/index.php?rest_route=\/wp\/v2\/posts\/3074"}],"collection":[{"href":"https:\/\/www.epilepsija.hr\/index.php?rest_route=\/wp\/v2\/posts"}],"about":[{"href":"https:\/\/www.epilepsija.hr\/index.php?rest_route=\/wp\/v2\/types\/post"}],"author":[{"embeddable":true,"href":"https:\/\/www.epilepsija.hr\/index.php?rest_route=\/wp\/v2\/users\/1"}],"replies":[{"embeddable":true,"href":"https:\/\/www.epilepsija.hr\/index.php?rest_route=%2Fwp%2Fv2%2Fcomments&post=3074"}],"version-history":[{"count":1,"href":"https:\/\/www.epilepsija.hr\/index.php?rest_route=\/wp\/v2\/posts\/3074\/revisions"}],"predecessor-version":[{"id":3075,"href":"https:\/\/www.epilepsija.hr\/index.php?rest_route=\/wp\/v2\/posts\/3074\/revisions\/3075"}],"wp:attachment":[{"href":"https:\/\/www.epilepsija.hr\/index.php?rest_route=%2Fwp%2Fv2%2Fmedia&parent=3074"}],"wp:term":[{"taxonomy":"category","embeddable":true,"href":"https:\/\/www.epilepsija.hr\/index.php?rest_route=%2Fwp%2Fv2%2Fcategories&post=3074"},{"taxonomy":"post_tag","embeddable":true,"href":"https:\/\/www.epilepsija.hr\/index.php?rest_route=%2Fwp%2Fv2%2Ftags&post=3074"}],"curies":[{"name":"wp","href":"https:\/\/api.w.org\/{rel}","templated":true}]}}