{"id":3058,"date":"2019-02-13T19:58:12","date_gmt":"2019-02-13T18:58:12","guid":{"rendered":"http:\/\/www.epilepsija.hr\/?p=3058"},"modified":"2019-02-13T19:58:12","modified_gmt":"2019-02-13T18:58:12","slug":"pobjednice-foto-natjecaja-jer-ja-mogu-sve","status":"publish","type":"post","link":"https:\/\/www.epilepsija.hr\/?p=3058","title":{"rendered":"POBJEDNICE FOTO NATJE\u010cAJA \u201cJER JA MOGU SVE&#8221;!"},"content":{"rendered":"<p>Povodom Me\u0111unarodnog dana epilepsije, po uzoru na ranije inicijative ILAE i IBE, u Hrvatskoj je ove godine po drugi puta, odr\u017ean foto natje\u010daj \u201eJer ja mogu sve!\u201c. Tema je odabrana s ciljem da se osobama s epilepsijom omogu\u0107i iskazivanje preko fotografije; kako su unato\u010d dijagnozi epilepsije kroz \u017eivot mogu\u0107a razli\u010dita postignu\u0107a od savladavanja manjih svakodnevnih pote\u0161ko\u0107a do postizanja ve\u0107ih uspjeha i ostvarivanja individualnih ciljeva. Pobjednici su objavljeni na manifestaciji zajedni\u010dkog obilje\u017eavanja Me\u0111unarodnog dana epilepsije i Nacionalnog dana oboljelih od epilepsije odr\u017eanoj u ponedjeljak 11. velja\u010de 2019.g. u prostorima Tribine Grada Zagreba \u2013 Kaptol 27. Ovim putem jo\u0161 jednom \u010destitamo pobjednicima te vas sve pozivamo da kroz godinu fotografirate detalje koji vama zna\u010de ljepotu \u017eivota i ostvarivanje ciljeva!<\/p>\n<p>Dobitnica u kategoriji do 12 godina starosti:<\/p>\n<p>Leila Zubovi\u0107<\/p>\n<p><a href=\"http:\/\/www.epilepsija.hr\/wp-content\/uploads\/Leila-Virginia-Zubovic.jpeg\"><img loading=\"lazy\" decoding=\"async\" class=\"alignright size-full wp-image-3056\" src=\"http:\/\/www.epilepsija.hr\/wp-content\/uploads\/Leila-Virginia-Zubovic.jpeg\" alt=\"Leila Virginia Zubovic\" width=\"1291\" height=\"969\" srcset=\"https:\/\/www.epilepsija.hr\/wp-content\/uploads\/Leila-Virginia-Zubovic.jpeg 1291w, https:\/\/www.epilepsija.hr\/wp-content\/uploads\/Leila-Virginia-Zubovic-300x225.jpeg 300w, https:\/\/www.epilepsija.hr\/wp-content\/uploads\/Leila-Virginia-Zubovic-1024x769.jpeg 1024w\" sizes=\"(max-width: 1291px) 100vw, 1291px\" \/><\/a><\/p>\n<p>Leila ima 11 godina, odli\u010dna je u\u010denica, jako voli crtanje u raznim tehnikama a sovu nagradu \u0107e iskoristiti za kupnju na kojem mo\u017ee grafi\u010dki \u00a0ure\u0111ivati fotografije i videa koje tako\u0111er obo\u017eava.<\/p>\n<p>&nbsp;<\/p>\n<p>Dobitnica u kategoriji vi\u0161e od 12 godina starosti:<\/p>\n<p>Nicol Andrea Bule\u0161i\u0107<\/p>\n<p>Nicol Andrea ima 21 godinu, prije nekoliko godina nakon \u0161to je otkriveno da boluje od epilepsije je upisala stolni tenis\u00a0 u stolno teniskom savezu osoba s invaliditetom i osvojila vi\u0161e medalja na dr\u017eavnom prvenstvu.<\/p>\n<p><a href=\"http:\/\/www.epilepsija.hr\/wp-content\/uploads\/Nicol-Andrea-Bule\u0161i\u0107-.png\"><img loading=\"lazy\" decoding=\"async\" class=\"alignright size-full wp-image-3057\" src=\"http:\/\/www.epilepsija.hr\/wp-content\/uploads\/Nicol-Andrea-Bule\u0161i\u0107-.png\" alt=\"Nicol Andrea Bule\u0161i\u0107\" width=\"720\" height=\"884\" srcset=\"https:\/\/www.epilepsija.hr\/wp-content\/uploads\/Nicol-Andrea-Bule\u0161i\u0107-.png 720w, https:\/\/www.epilepsija.hr\/wp-content\/uploads\/Nicol-Andrea-Bule\u0161i\u0107--244x300.png 244w\" sizes=\"(max-width: 720px) 100vw, 720px\" \/><\/a><\/p>\n","protected":false},"excerpt":{"rendered":"<p>Povodom Me\u0111unarodnog dana epilepsije, po uzoru na ranije inicijative ILAE i IBE, u Hrvatskoj je ove godine po drugi puta, odr\u017ean foto natje\u010daj \u201eJer ja mogu sve!\u201c. Tema je odabrana s ciljem da se osobama s epilepsijom omogu\u0107i iskazivanje preko fotografije; kako su unato\u010d dijagnozi epilepsije kroz \u017eivot mogu\u0107a razli\u010dita postignu\u0107a od savladavanja manjih svakodnevnih &hellip; <a href=\"https:\/\/www.epilepsija.hr\/?p=3058\" class=\"more-link\">Nastavi \u010ditati <span class=\"screen-reader-text\">POBJEDNICE FOTO NATJE\u010cAJA \u201cJER JA MOGU SVE&#8221;!<\/span> <span class=\"meta-nav\">&rarr;<\/span><\/a><\/p>\n","protected":false},"author":1,"featured_media":0,"comment_status":"closed","ping_status":"closed","sticky":false,"template":"","format":"standard","meta":{"footnotes":""},"categories":[1],"tags":[],"_links":{"self":[{"href":"https:\/\/www.epilepsija.hr\/index.php?rest_route=\/wp\/v2\/posts\/3058"}],"collection":[{"href":"https:\/\/www.epilepsija.hr\/index.php?rest_route=\/wp\/v2\/posts"}],"about":[{"href":"https:\/\/www.epilepsija.hr\/index.php?rest_route=\/wp\/v2\/types\/post"}],"author":[{"embeddable":true,"href":"https:\/\/www.epilepsija.hr\/index.php?rest_route=\/wp\/v2\/users\/1"}],"replies":[{"embeddable":true,"href":"https:\/\/www.epilepsija.hr\/index.php?rest_route=%2Fwp%2Fv2%2Fcomments&post=3058"}],"version-history":[{"count":1,"href":"https:\/\/www.epilepsija.hr\/index.php?rest_route=\/wp\/v2\/posts\/3058\/revisions"}],"predecessor-version":[{"id":3059,"href":"https:\/\/www.epilepsija.hr\/index.php?rest_route=\/wp\/v2\/posts\/3058\/revisions\/3059"}],"wp:attachment":[{"href":"https:\/\/www.epilepsija.hr\/index.php?rest_route=%2Fwp%2Fv2%2Fmedia&parent=3058"}],"wp:term":[{"taxonomy":"category","embeddable":true,"href":"https:\/\/www.epilepsija.hr\/index.php?rest_route=%2Fwp%2Fv2%2Fcategories&post=3058"},{"taxonomy":"post_tag","embeddable":true,"href":"https:\/\/www.epilepsija.hr\/index.php?rest_route=%2Fwp%2Fv2%2Ftags&post=3058"}],"curies":[{"name":"wp","href":"https:\/\/api.w.org\/{rel}","templated":true}]}}