{"id":3051,"date":"2019-02-13T19:43:46","date_gmt":"2019-02-13T18:43:46","guid":{"rendered":"http:\/\/www.epilepsija.hr\/?p=3051"},"modified":"2019-02-13T22:29:03","modified_gmt":"2019-02-13T21:29:03","slug":"obiljezili-smo-medunarodni-dan-epilepsije-i-nacionalni-dan-oboljelih-od-epilepsije-2019","status":"publish","type":"post","link":"https:\/\/www.epilepsija.hr\/?p=3051","title":{"rendered":"OBILJE\u017dILI SMO ME\u0110UNARODNI DAN EPILEPSIJE I NACIONALNI DAN OBOLJELIH OD EPILEPSIJE 2019."},"content":{"rendered":"<p>I ove smo godine uspje\u0161no obilje\u017eili Me\u0111unarodni dan epilepsije i Nacionalni dan oboljelih od epilepsije okupljanjem koje se odr\u017ealo u ponedjeljak 11. velja\u010de 2019.g. u prostorima Tribine Grada Zagreba \u2013 Kaptol 27, s po\u010detkom u 13.00 sati.<a href=\"http:\/\/www.epilepsija.hr\/wp-content\/uploads\/Slika2.jpg\"><img loading=\"lazy\" decoding=\"async\" class=\"alignright size-full wp-image-3054\" src=\"http:\/\/www.epilepsija.hr\/wp-content\/uploads\/Slika2.jpg\" alt=\"Slika2\" width=\"794\" height=\"446\" srcset=\"https:\/\/www.epilepsija.hr\/wp-content\/uploads\/Slika2.jpg 794w, https:\/\/www.epilepsija.hr\/wp-content\/uploads\/Slika2-300x169.jpg 300w\" sizes=\"(max-width: 794px) 100vw, 794px\" \/><\/a><\/p>\n<p>Ponosni smo \u0161to su se u organizaciji ovih dana ujedinili oboljeli, \u010dlanovi njihovih obitelji i prijatelji te stru\u010dnjaci razli\u010ditih profila kao \u010dlanovi svih, za lije\u010denje epilepsije, relevantnih stru\u010dnih dru\u0161tava. Manifestacija se odr\u017eala u organizaciji Hrvatske udruge za epilepsiju, Hrvatske lige protiv epilepsije, Referentnog centra Ministarstva zdravstva Republike Hrvatske za epilepsiju, Referentnog centra Ministarstva zdravstva Republike Hrvatske za preoperativnu obradu bolesnika s epilepsijom, Referentnog centra Ministarstva zdravstva za epilepsije i konvulzivne bolesti razvojne dobi, Hrvatskog dru\u0161tva za dje\u010dju neurologiju HLZ, Hrvatskog dru\u0161tva za EEG i klini\u010dku neurofiziologiju HLZ te Odjela za dje\u010dju neurologiju Klinike za pedijatriju KBC Sestre milosrdnice.<\/p>\n<p>Tradicionalno smo pripremili niz popratnih sadr\u017eaja me\u0111u kojima je istaknut edukacijski dio. Prof. Petelin Gad\u017ee je auditorij sa\u017eeto upoznala s najva\u017enijim \u010dinjenicama o epilepsiji, prof. Malenica s karakteristikama epilepsije dje\u010dje dobi i va\u017enosti edukacijsko-rekreacijskih kampova koje HUE tradicionalno organizira, dr. \u0160u\u0161ak Spori\u0161 je educirala o pru\u017eanju prve pomo\u0107i kod epilepti\u010dkih napadaja, prof. Prpi\u0107 je vi\u0161e puta naglasio kako se protiv stigme i neopravdanih ograni\u010denja u osoba s epilepsijom mo\u017eemo boriti edukacijom dok je prof. Ku\u017enik pokazao kako se uz epilepsiju mo\u017ee biti sporta\u0161. U nastavku su prikazani tre\u0107i i \u010detvrti nastavak animiranih filmova o Kampiju, ve\u0107 svima poznatoj maskoti Me\u0111unarodnog dana epilepsije, posve\u0107enih tematici prve pomo\u0107i kod epilepti\u010dkih napadaja te epilepsije i sporta. \u010cestitamo i dobitnicama nagrada u foto natje\u010daju \u201eJer ja mogu sve!\u201c, Leili Zubovi\u0107 i Nicol Andrei Bule\u0161i\u0107. Zavr\u0161no je odr\u017eana i redovita godi\u0161nja Skup\u0161tina HUE.<\/p>\n<p>Dje\u010dji neurolozi i neurolozi koji se u\u017ee bave podru\u010djem epileptologije, po prvi puta su se okupili u svrhu proslave, na poslijepodnevnom stru\u010dnom okupljanju u Hrvatskom lije\u010dni\u010dkom zboru \u00a0pod nazivom 1. Simpozij \u201eVelikani hrvatske epileptologije\u201c, koji je ove godine posve\u0107en prof.dr.sc. Mladenu Kri\u017eu.<\/p>\n<p><a href=\"http:\/\/www.epilepsija.hr\/wp-content\/uploads\/20190211_195349-3.jpg\"><img loading=\"lazy\" decoding=\"async\" class=\"alignright size-full wp-image-3060\" src=\"http:\/\/www.epilepsija.hr\/wp-content\/uploads\/20190211_195349-3.jpg\" alt=\"20190211_195349 (3)\" width=\"4032\" height=\"1960\" srcset=\"https:\/\/www.epilepsija.hr\/wp-content\/uploads\/20190211_195349-3.jpg 4032w, https:\/\/www.epilepsija.hr\/wp-content\/uploads\/20190211_195349-3-300x146.jpg 300w, https:\/\/www.epilepsija.hr\/wp-content\/uploads\/20190211_195349-3-1024x498.jpg 1024w\" sizes=\"(max-width: 4032px) 100vw, 4032px\" \/><\/a><\/p>\n<p>&nbsp;<\/p>\n<p>Zahvaljujemo se na odazivu svih na\u0161ih \u010dlanova, kolega i prijatelja te posebno na sudjelovanju djelatnika Knji\u017enica Grada Zagreba s kojima je postignut dogovor o daljnjoj suradnju. Nadamo se da \u0107emo ste\u010dena znanja \u00a0primjenjivati u svakodnevnom \u017eivotu\u00a0 jer \u201e\u0160irenjem znanja o epilepsiji, ru\u0161imo predrasude!\u201c.<\/p>\n<p><img decoding=\"async\" class=\"ngg_displayed_gallery mceItem\" src=\"http:\/\/www.epilepsija.hr\/index.php\/nextgen-attach_to_post\/preview\/id--3052\" alt=\"\" data-mce-placeholder=\"1\" \/><\/p>\n","protected":false},"excerpt":{"rendered":"<p>I ove smo godine uspje\u0161no obilje\u017eili Me\u0111unarodni dan epilepsije i Nacionalni dan oboljelih od epilepsije okupljanjem koje se odr\u017ealo u ponedjeljak 11. velja\u010de 2019.g. u prostorima Tribine Grada Zagreba \u2013 Kaptol 27, s po\u010detkom u 13.00 sati. Ponosni smo \u0161to su se u organizaciji ovih dana ujedinili oboljeli, \u010dlanovi njihovih obitelji i prijatelji te stru\u010dnjaci &hellip; <a href=\"https:\/\/www.epilepsija.hr\/?p=3051\" class=\"more-link\">Nastavi \u010ditati <span class=\"screen-reader-text\">OBILJE\u017dILI SMO ME\u0110UNARODNI DAN EPILEPSIJE I NACIONALNI DAN OBOLJELIH OD EPILEPSIJE 2019.<\/span> <span class=\"meta-nav\">&rarr;<\/span><\/a><\/p>\n","protected":false},"author":1,"featured_media":0,"comment_status":"closed","ping_status":"closed","sticky":false,"template":"","format":"standard","meta":{"footnotes":""},"categories":[1],"tags":[],"_links":{"self":[{"href":"https:\/\/www.epilepsija.hr\/index.php?rest_route=\/wp\/v2\/posts\/3051"}],"collection":[{"href":"https:\/\/www.epilepsija.hr\/index.php?rest_route=\/wp\/v2\/posts"}],"about":[{"href":"https:\/\/www.epilepsija.hr\/index.php?rest_route=\/wp\/v2\/types\/post"}],"author":[{"embeddable":true,"href":"https:\/\/www.epilepsija.hr\/index.php?rest_route=\/wp\/v2\/users\/1"}],"replies":[{"embeddable":true,"href":"https:\/\/www.epilepsija.hr\/index.php?rest_route=%2Fwp%2Fv2%2Fcomments&post=3051"}],"version-history":[{"count":3,"href":"https:\/\/www.epilepsija.hr\/index.php?rest_route=\/wp\/v2\/posts\/3051\/revisions"}],"predecessor-version":[{"id":3061,"href":"https:\/\/www.epilepsija.hr\/index.php?rest_route=\/wp\/v2\/posts\/3051\/revisions\/3061"}],"wp:attachment":[{"href":"https:\/\/www.epilepsija.hr\/index.php?rest_route=%2Fwp%2Fv2%2Fmedia&parent=3051"}],"wp:term":[{"taxonomy":"category","embeddable":true,"href":"https:\/\/www.epilepsija.hr\/index.php?rest_route=%2Fwp%2Fv2%2Fcategories&post=3051"},{"taxonomy":"post_tag","embeddable":true,"href":"https:\/\/www.epilepsija.hr\/index.php?rest_route=%2Fwp%2Fv2%2Ftags&post=3051"}],"curies":[{"name":"wp","href":"https:\/\/api.w.org\/{rel}","templated":true}]}}