{"id":1866,"date":"2016-04-10T09:26:34","date_gmt":"2016-04-10T08:26:34","guid":{"rendered":"http:\/\/www.epilepsija.hr\/?p=1866"},"modified":"2016-04-19T17:56:02","modified_gmt":"2016-04-19T16:56:02","slug":"bicikliraj-za-epilepsiju-2016","status":"publish","type":"post","link":"https:\/\/www.epilepsija.hr\/?p=1866","title":{"rendered":"BICIKLIRAJ ZA EPILEPSIJU 2016!"},"content":{"rendered":"<p>BICIKLIRAJ ZA EPILEPSIJU 2016!<\/p>\n<p><a href=\"http:\/\/www.epilepsija.hr\/wp-content\/uploads\/37.jpg\"><img loading=\"lazy\" decoding=\"async\" class=\"alignright wp-image-1673\" src=\"http:\/\/www.epilepsija.hr\/wp-content\/uploads\/37.jpg\" alt=\"37\" width=\"230\" height=\"172\" \/><\/a>Dana 09. travnja 2016.g. Hrvatska udruga za epilepsiju i Nastavni zavod za javno zdravstvo \u201cDr. Andrija \u0160tampar\u201d pod pokroviteljstvom Ministarstva zdravlja RH, ponovno su u centru Zagreba organizirali biciklijadu podr\u0161ke osobama s epilepsijom, u povodu Svjetskog dana zdravlja (7. travnja) i \u201eLjubi\u010dastog dana\u201d \u2014 dana epilepsije (26.o\u017eujka). Cilj ove manifestacije \u201eBicikliraj za epilepsiju\u201d je javno iskazivanje podr\u0161ke oboljelim osobama koje su zbog epilepsije jo\u0161 uvijek stigmatizirane te promoviranje tjelesne aktivnosti u kontekstu prevencije mnogih bolesti i unaprje\u0111ivanja zdravlja.<\/p>\n<p>Biciklijada je najavljena na Trgu bana Jela\u010di\u0107a ve\u0107 u 11 sati kad je uz nazo\u010dnost i podr\u0161ku\u00a0 zagreba\u010dkog gradona\u010delnika Milana Bandi\u0107a krenuo sve\u010dani defile oldtimer vozila udruge &#8220;Zlatni kota\u010d&#8221; i bikera Moto kluba &#8220;Veterani Croatia&#8221;\u00a0 koji su u koloni, simboli\u010dki obilje\u017eeni ljubi\u010dastom vrpcom,\u00a0 krenuli prema Zagreba\u010dkom velesajmu. Ovom doga\u0111aju pridru\u017eila se i delegacija Hrvatskog vaterpolo saveza koja je tako\u0111er izrazila podr\u0161ku osobama s epilepsijom i na\u0161oj biciklijadi.<\/p>\n<p>Sudionici biciklijade su se okupili na Rooseveltovom u 12 sati nakon \u010dega je slijedila vo\u017enja kroz centar grada. Svi su sudionici imali na svojoj odje\u0107i ili biciklu neki odjevni ili drugi predmet ljubi\u010daste boje, simboli\u010dne boje epilepsije, koji su ponijeli od ku\u0107e ili dobili na mjestu doga\u0111anja.<\/p>\n<p>Hrvatska udruga za epilepsiju zahvalna je Ministarstvu zdravlja RH i zagreba\u010dkom gradona\u010delniku Milanu Bandi\u0107u na pokroviteljstvu, zahvaljuje svima koji su nam dali podr\u0161ku i pomogli u organizaciji, te\u00a0 svima onima koji su unato\u010d\u00a0 tmurnim oblacima i nepovoljnoj vremenskoj prognozi\u00a0 ipak do\u0161li i biciklirali za epilepsiju!<\/p>\n<p>Kako bi mogli dobiti bolji i slikovitiji uvid u biciklijadu, preporu\u010damo vam da pogledate na\u0161u fotogaleriju!<\/p>\n<p><img decoding=\"async\" class=\"ngg_displayed_gallery mceItem\" src=\"http:\/\/www.epilepsija.hr\/index.php\/nextgen-attach_to_post\/preview\/id--1867\" alt=\"\" data-mce-placeholder=\"1\" \/><\/p>\n","protected":false},"excerpt":{"rendered":"<p>BICIKLIRAJ ZA EPILEPSIJU 2016! Dana 09. travnja 2016.g. Hrvatska udruga za epilepsiju i Nastavni zavod za javno zdravstvo \u201cDr. Andrija \u0160tampar\u201d pod pokroviteljstvom Ministarstva zdravlja RH, ponovno su u centru Zagreba organizirali biciklijadu podr\u0161ke osobama s epilepsijom, u povodu Svjetskog dana zdravlja (7. travnja) i \u201eLjubi\u010dastog dana\u201d \u2014 dana epilepsije (26.o\u017eujka). Cilj ove manifestacije \u201eBicikliraj &hellip; <a href=\"https:\/\/www.epilepsija.hr\/?p=1866\" class=\"more-link\">Nastavi \u010ditati <span class=\"screen-reader-text\">BICIKLIRAJ ZA EPILEPSIJU 2016!<\/span> <span class=\"meta-nav\">&rarr;<\/span><\/a><\/p>\n","protected":false},"author":1,"featured_media":0,"comment_status":"closed","ping_status":"closed","sticky":false,"template":"","format":"standard","meta":{"footnotes":""},"categories":[1],"tags":[],"_links":{"self":[{"href":"https:\/\/www.epilepsija.hr\/index.php?rest_route=\/wp\/v2\/posts\/1866"}],"collection":[{"href":"https:\/\/www.epilepsija.hr\/index.php?rest_route=\/wp\/v2\/posts"}],"about":[{"href":"https:\/\/www.epilepsija.hr\/index.php?rest_route=\/wp\/v2\/types\/post"}],"author":[{"embeddable":true,"href":"https:\/\/www.epilepsija.hr\/index.php?rest_route=\/wp\/v2\/users\/1"}],"replies":[{"embeddable":true,"href":"https:\/\/www.epilepsija.hr\/index.php?rest_route=%2Fwp%2Fv2%2Fcomments&post=1866"}],"version-history":[{"count":5,"href":"https:\/\/www.epilepsija.hr\/index.php?rest_route=\/wp\/v2\/posts\/1866\/revisions"}],"predecessor-version":[{"id":1895,"href":"https:\/\/www.epilepsija.hr\/index.php?rest_route=\/wp\/v2\/posts\/1866\/revisions\/1895"}],"wp:attachment":[{"href":"https:\/\/www.epilepsija.hr\/index.php?rest_route=%2Fwp%2Fv2%2Fmedia&parent=1866"}],"wp:term":[{"taxonomy":"category","embeddable":true,"href":"https:\/\/www.epilepsija.hr\/index.php?rest_route=%2Fwp%2Fv2%2Fcategories&post=1866"},{"taxonomy":"post_tag","embeddable":true,"href":"https:\/\/www.epilepsija.hr\/index.php?rest_route=%2Fwp%2Fv2%2Ftags&post=1866"}],"curies":[{"name":"wp","href":"https:\/\/api.w.org\/{rel}","templated":true}]}}